{"id":152258,"date":"2022-07-11T11:20:59","date_gmt":"2022-07-11T15:20:59","guid":{"rendered":"https:\/\/linitiative.ca\/International\/cameroun-le-mrc-condamne-lagression-de-son-coordonnateur-a-la-prison-centrale-de-yaounde\/"},"modified":"2022-07-11T11:20:59","modified_gmt":"2022-07-11T15:20:59","slug":"cameroun-le-mrc-condamne-lagression-de-son-coordonnateur-a-la-prison-centrale-de-yaounde","status":"publish","type":"post","link":"https:\/\/linitiative.ca\/International\/cameroun-le-mrc-condamne-lagression-de-son-coordonnateur-a-la-prison-centrale-de-yaounde\/","title":{"rendered":"Cameroun : le Mrc condamne \u00ab l\u2019agression \u00bb de son coordonnateur \u00e0 la prison centrale de Yaound\u00e9"},"content":{"rendered":"<div>\n<p><img decoding=\"async\" width=\"800\" height=\"400\" src=\"https:\/\/linitiative.ca\/International\/wp-content\/uploads\/sites\/23\/2022\/07\/journalducameroun.com_prison-centrale-de-kondengui.jpg\" class=\"attachment-post-thumbnail size-post-thumbnail wp-post-image\" alt=\"Le Mrc d\u00e9nonce le mauvais traitement de son militant en prison\" loading=\"lazy\" srcset=\"https:\/\/linitiative.ca\/International\/wp-content\/uploads\/sites\/23\/2022\/07\/journalducameroun.com_prison-centrale-de-kondengui.jpg 800w, https:\/\/www.journalducameroun.com\/wp-content\/uploads\/2018\/08\/journalducameroun.com_prison-centrale-de-kondengui-300x150.jpg 300w, https:\/\/www.journalducameroun.com\/wp-content\/uploads\/2018\/08\/journalducameroun.com_prison-centrale-de-kondengui-768x384.jpg 768w, https:\/\/www.journalducameroun.com\/wp-content\/uploads\/2018\/08\/journalducameroun.com_prison-centrale-de-kondengui-600x300.jpg 600w\" sizes=\"auto, (max-width: 800px) 100vw, 800px\"><\/p>\n<h2 style=\"text-align: justify;\">Le Mouvement pour la renaissance du Cameroun condamne l\u2019acte commis par un gardien de prison sur Pascal Zamboue le 08 juillet dernier.<\/h2>\n<p style=\"text-align: justify;\">\n<p style=\"text-align: justify;\">Le parti de Maurice Kamto par la plume de son secr\u00e9taire g\u00e9n\u00e9ral, demande la lib\u00e9ration de tous ses militants incarc\u00e9r\u00e9s. Dans un communiqu\u00e9 en date du 11 juillet 2022, Me Ndong Christopher Nveh restitue les faits, exprime son indignation et demande la \u00ab\u00a0lib\u00e9ration imm\u00e9diate et sans condition\u00a0\u00bb des militants du Mrc \u00ab\u00a0injustement et ill\u00e9galement d\u00e9tenus\u00a0\u00bb. Voici l\u2019int\u00e9gralit\u00e9 du communiqu\u00e9.<\/p>\n<p style=\"text-align: justify;\">\u00ab\u00a0<em>Le MRC porte \u00e0 la connaissance de l\u2019opinion nationale et internationale que Monsieur ZAMBOUE Pascal Coordonnateur National du Parti, otage du r\u00e9gime \u00e0 la prison centrale de Yaound\u00e9, a \u00e9t\u00e9 sauvagement agress\u00e9 et humili\u00e9 ce 08 juillet 2022 en pr\u00e9sence de son \u00e9pouse par le gardien de prison Nkoa en service dans cette prison immonde.<\/em><\/p>\n<p style=\"text-align: justify;\"><em>Ce gardien de prison tortionnaire a d\u00e9shabill\u00e9 et d\u00e9chauss\u00e9 Pascal ZAMBOUE devant sa femme sous le pr\u00e9texte qu\u2019ils \u00e9taient assis sur un banc du greffe, banc qui \u00e9tait pourtant \u00e0 moiti\u00e9 vide. Jusqu\u2019o\u00f9 iront-ils avec ces traitements inhumains sur les militants du MRC injustement incarc\u00e9r\u00e9s ?<\/em><\/p>\n<p style=\"text-align: justify;\"><em>\u00a0<\/em><em>Le MRC s\u2019insurge contre cette d\u00e9shumanisation et demande la lib\u00e9ration imm\u00e9diate et sans condition de tous ses militants injustement et ill\u00e9galement d\u00e9tenus dans les prisons du Cameroun.<\/em>\u00a0\u00bb<\/p>\n<p style=\"text-align: justify;\">\u00a0 \u00a0 \u00a0 \u00a0Fait \u00e0 Yaound\u00e9 le 11 juillet 2022<\/p>\n<p style=\"text-align: justify;\">\u00a0 \u00a0 \u00a0 \u00a0 \u00a0 \u00a0 \u00a0 \u00a0 \u00a0 Le Secr\u00e9taire G\u00e9n\u00e9ral<\/p>\n<p style=\"text-align: justify;\">\u00a0 \u00a0 \u00a0 \u00a0 \u00a0Me NDONG Christopher NVEH<\/p>\n<p>Cet article <a rel=\"nofollow\" href=\"https:\/\/www.journalducameroun.com\/le-mrc-denonce-le-mauvais-traitement-de-son-militant-en-prison\/\">Cameroun : le Mrc condamne \u00ab l\u2019agression \u00bb de son coordonnateur \u00e0 la prison centrale de Yaound\u00e9<\/a> est apparu en premier sur <a rel=\"nofollow\" href=\"https:\/\/www.journalducameroun.com\/\">Journal du Cameroun<\/a>.<\/p>\n<\/div>\n<p>Auteur: Arnaud MAWEL<br \/>\n<a href=\"https:\/\/www.journalducameroun.com\/le-mrc-denonce-le-mauvais-traitement-de-son-militant-en-prison\/\">Cliquez ici pour lire l&rsquo;article depuis sa source.<\/a><\/p>\n","protected":false},"excerpt":{"rendered":"<p>Le Mouvement pour la renaissance du Cameroun condamne l\u2019acte commis par un gardien de prison sur Pascal Zamboue le 08 juillet dernier. Le parti de Maurice Kamto par la plume de son secr\u00e9taire g\u00e9n\u00e9ral, demande la lib\u00e9ration de tous ses militants incarc\u00e9r\u00e9s. Dans un communiqu\u00e9 en date du 11 juillet 2022, Me Ndong Christopher Nveh [&hellip;]<\/p>\n","protected":false},"author":1965,"featured_media":0,"comment_status":"closed","ping_status":"closed","sticky":false,"template":"","format":"standard","meta":{"fifu_image_url":"https:\/\/www.journalducameroun.com\/wp-content\/uploads\/2018\/08\/journalducameroun.com_prison-centrale-de-kondengui.jpg","fifu_image_alt":"Cameroun : le Mrc condamne \u00ab l\u2019agression \u00bb de son coordonnateur \u00e0 la prison centrale de Yaound\u00e9","footnotes":""},"categories":[73,82],"tags":[],"class_list":["post-152258","post","type-post","status-publish","format-standard","hentry","category-actualite","category-cameroun"],"_links":{"self":[{"href":"https:\/\/linitiative.ca\/International\/wp-json\/wp\/v2\/posts\/152258","targetHints":{"allow":["GET"]}}],"collection":[{"href":"https:\/\/linitiative.ca\/International\/wp-json\/wp\/v2\/posts"}],"about":[{"href":"https:\/\/linitiative.ca\/International\/wp-json\/wp\/v2\/types\/post"}],"author":[{"embeddable":true,"href":"https:\/\/linitiative.ca\/International\/wp-json\/wp\/v2\/users\/1965"}],"replies":[{"embeddable":true,"href":"https:\/\/linitiative.ca\/International\/wp-json\/wp\/v2\/comments?post=152258"}],"version-history":[{"count":0,"href":"https:\/\/linitiative.ca\/International\/wp-json\/wp\/v2\/posts\/152258\/revisions"}],"wp:attachment":[{"href":"https:\/\/linitiative.ca\/International\/wp-json\/wp\/v2\/media?parent=152258"}],"wp:term":[{"taxonomy":"category","embeddable":true,"href":"https:\/\/linitiative.ca\/International\/wp-json\/wp\/v2\/categories?post=152258"},{"taxonomy":"post_tag","embeddable":true,"href":"https:\/\/linitiative.ca\/International\/wp-json\/wp\/v2\/tags?post=152258"}],"curies":[{"name":"wp","href":"https:\/\/api.w.org\/{rel}","templated":true}]}}