{"id":152260,"date":"2022-07-11T12:33:35","date_gmt":"2022-07-11T16:33:35","guid":{"rendered":"https:\/\/linitiative.ca\/International\/cameroun-paul-biya-nomme-un-ambassadeur-en-republique-de-pologne\/"},"modified":"2022-07-11T12:33:35","modified_gmt":"2022-07-11T16:33:35","slug":"cameroun-paul-biya-nomme-un-ambassadeur-en-republique-de-pologne","status":"publish","type":"post","link":"https:\/\/linitiative.ca\/International\/cameroun-paul-biya-nomme-un-ambassadeur-en-republique-de-pologne\/","title":{"rendered":"Cameroun : Paul Biya nomme un ambassadeur en R\u00e9publique de Pologne"},"content":{"rendered":"<div>\n<p><img decoding=\"async\" width=\"800\" height=\"600\" src=\"https:\/\/linitiative.ca\/International\/wp-content\/uploads\/sites\/23\/2022\/07\/S.E-Victor-Ndocki.jpg\" class=\"attachment-post-thumbnail size-post-thumbnail wp-post-image\" alt=\"L\u2019ambassadeur du Cameroun en Pologne est Victor Ndocki\" loading=\"lazy\" srcset=\"https:\/\/linitiative.ca\/International\/wp-content\/uploads\/sites\/23\/2022\/07\/S.E-Victor-Ndocki.jpg 800w, https:\/\/www.journalducameroun.com\/wp-content\/uploads\/2022\/07\/S.E-Victor-Ndocki-300x225.jpg 300w, https:\/\/www.journalducameroun.com\/wp-content\/uploads\/2022\/07\/S.E-Victor-Ndocki-768x576.jpg 768w, https:\/\/www.journalducameroun.com\/wp-content\/uploads\/2022\/07\/S.E-Victor-Ndocki-587x440.jpg 587w, https:\/\/www.journalducameroun.com\/wp-content\/uploads\/2022\/07\/S.E-Victor-Ndocki-600x450.jpg 600w\" sizes=\"auto, (max-width: 800px) 100vw, 800px\"><\/p>\n<h2 style=\"text-align: justify;\">Le pr\u00e9sident de la R\u00e9publique Paul Biya vient de d\u00e9signer S.E Victor Ndocki ambassadeur du Cameroun en Pologne.<\/h2>\n<p style=\"text-align: justify;\">\n<p style=\"text-align: justify;\">C\u2019est officiel d\u00e8s ce lundi 11 juillet 2022. S.E Victor Ndocki est d\u00e9sormais ambassadeur extraordinaire et pl\u00e9nipotentiaire \u00a0de la R\u00e9publique du Cameroun en R\u00e9publique de Pologne avec r\u00e9sidence \u00e0 Berlin. Le natif de Bonandam-Njombe est port\u00e9 \u00e0 cette fonction par d\u00e9cret N\u00b02022\/292 du 11 juillet\u00a0 2022 sign\u00e9 du chef de l\u2019Etat Paul Biya.<\/p>\n<p style=\"text-align: justify;\">N\u00e9 le 17 juillet 1955, le diplomate est ambassadeur extraordinaire et pl\u00e9nipotentiaire \u00a0de la R\u00e9publique du Cameroun en R\u00e9publique f\u00e9d\u00e9rale d&rsquo;Allemagne. Il occupe cette fonction depuis sa nomination le 02 novembre 2020 par le chef de l\u2019Etat. Mari\u00e9 et p\u00e8re de deux enfants, Victor Ndocki\u00a0 est aussi repr\u00e9sentant permanent aupr\u00e8s du Centre des Nations unies \u00e0 Vienne.<\/p>\n<p style=\"text-align: justify;\">Il est titulaire d\u2019une licence en droit priv\u00e9 et science politique obtenue \u00e0 l\u2019universit\u00e9 de Yaound\u00e9\u00a0; d\u2019un brevet en administration\u00a0; d\u2019un master en administration obtenu \u00e0 l\u2019ENA de Paris et d\u2019un dipl\u00f4me de commissaire de police obtenu \u00e0 l\u2019Ecole nationale de police en 1982.<\/p>\n<p>Cet article <a rel=\"nofollow\" href=\"https:\/\/www.journalducameroun.com\/cameroun-paul-biya-nomme-un-ambassadeur-en-republique-de-pologne\/\">Cameroun : Paul Biya nomme un ambassadeur en R\u00e9publique de Pologne<\/a> est apparu en premier sur <a rel=\"nofollow\" href=\"https:\/\/www.journalducameroun.com\/\">Journal du Cameroun<\/a>.<\/p>\n<\/div>\n<p>Auteur: Arnaud MAWEL<br \/>\n<a href=\"https:\/\/www.journalducameroun.com\/cameroun-paul-biya-nomme-un-ambassadeur-en-republique-de-pologne\/\">Cliquez ici pour lire l&rsquo;article depuis sa source.<\/a><\/p>\n","protected":false},"excerpt":{"rendered":"<p>Le pr\u00e9sident de la R\u00e9publique Paul Biya vient de d\u00e9signer S.E Victor Ndocki ambassadeur du Cameroun en Pologne. C\u2019est officiel d\u00e8s ce lundi 11 juillet 2022. S.E Victor Ndocki est d\u00e9sormais ambassadeur extraordinaire et pl\u00e9nipotentiaire \u00a0de la R\u00e9publique du Cameroun en R\u00e9publique de Pologne avec r\u00e9sidence \u00e0 Berlin. Le natif de Bonandam-Njombe est port\u00e9 \u00e0 [&hellip;]<\/p>\n","protected":false},"author":1965,"featured_media":0,"comment_status":"closed","ping_status":"closed","sticky":false,"template":"","format":"standard","meta":{"fifu_image_url":"https:\/\/www.journalducameroun.com\/wp-content\/uploads\/2022\/07\/S.E-Victor-Ndocki.jpg","fifu_image_alt":"Cameroun : Paul Biya nomme un ambassadeur en R\u00e9publique de Pologne","footnotes":""},"categories":[73,82],"tags":[],"class_list":["post-152260","post","type-post","status-publish","format-standard","hentry","category-actualite","category-cameroun"],"_links":{"self":[{"href":"https:\/\/linitiative.ca\/International\/wp-json\/wp\/v2\/posts\/152260","targetHints":{"allow":["GET"]}}],"collection":[{"href":"https:\/\/linitiative.ca\/International\/wp-json\/wp\/v2\/posts"}],"about":[{"href":"https:\/\/linitiative.ca\/International\/wp-json\/wp\/v2\/types\/post"}],"author":[{"embeddable":true,"href":"https:\/\/linitiative.ca\/International\/wp-json\/wp\/v2\/users\/1965"}],"replies":[{"embeddable":true,"href":"https:\/\/linitiative.ca\/International\/wp-json\/wp\/v2\/comments?post=152260"}],"version-history":[{"count":0,"href":"https:\/\/linitiative.ca\/International\/wp-json\/wp\/v2\/posts\/152260\/revisions"}],"wp:attachment":[{"href":"https:\/\/linitiative.ca\/International\/wp-json\/wp\/v2\/media?parent=152260"}],"wp:term":[{"taxonomy":"category","embeddable":true,"href":"https:\/\/linitiative.ca\/International\/wp-json\/wp\/v2\/categories?post=152260"},{"taxonomy":"post_tag","embeddable":true,"href":"https:\/\/linitiative.ca\/International\/wp-json\/wp\/v2\/tags?post=152260"}],"curies":[{"name":"wp","href":"https:\/\/api.w.org\/{rel}","templated":true}]}}