{"id":152262,"date":"2022-07-11T10:59:46","date_gmt":"2022-07-11T14:59:46","guid":{"rendered":"https:\/\/linitiative.ca\/International\/la-pression-fiscale-va-augmenter-de-08-point-en-2023-pour-se-hisser-a-126-du-pib\/"},"modified":"2022-07-11T10:59:46","modified_gmt":"2022-07-11T14:59:46","slug":"la-pression-fiscale-va-augmenter-de-08-point-en-2023-pour-se-hisser-a-126-du-pib","status":"publish","type":"post","link":"https:\/\/linitiative.ca\/International\/la-pression-fiscale-va-augmenter-de-08-point-en-2023-pour-se-hisser-a-126-du-pib\/","title":{"rendered":"La pression fiscale va augmenter de 0,8 point en 2023 pour se hisser \u00e0 12,6% du PIB"},"content":{"rendered":"<div>\n<p>D\u00e8s l\u2019ann\u00e9e prochaine, le gouvernement compte augmenter de mani\u00e8re substantielle la pression fiscale, entendez,\u00a0ratio entre recettes fiscales budg\u00e9taires et PIB, sur les principaux contribuables que sont les entreprises et les particuliers. Selon les projections contenuesdans le document de programmation \u00e9conomique et budg\u00e9taire \u00e0 moyen terme comptant pour la p\u00e9riode 2023-2025 adopt\u00e9 par les parlementaires lors de la session de juin dernier, il est attendu des r\u00e9gies de recettes en 2023, un effort fiscal suppl\u00e9mentaire de 0,8 point. Ceci, dans l\u2019optique de faire augmenter la pression fiscale de 11,8% du PIB en 2022 \u00e0 12,6% en 2023<em>.\u00a0<\/em>Cet effort va aller crescendo pour s\u2019\u00e9tablir d\u00e9finitivement \u00e0 13,6% en 2025.<em>\u00a0\u00abCet effort devrait \u00e9galement \u00eatre poursuivi \u00e0 moyen terme entre 2024 et 2025 \u00e0 raison de 0,5 par an dans la perspective d\u2019atteindre un niveau de mobilisation de recettes internes non p\u00e9troli\u00e8res de 13,6% du PIB en 2025<\/em>\u00bb projette le gouvernement<\/p>\n<p><strong>Lire aussi : <a href=\"https:\/\/ecomatin.net\/les-recettes-fiscales-de-letat-en-hausse-de-208-au-1er-trimestre-2022\/\" target=\"_blank\" rel=\"noreferrer noopener\">Les recettes fiscales de l\u2019Etat en hausse de 20,8% au 1er\u00a0trimestre 2022<\/a><\/strong><\/p>\n<p>Bien que le gouvernement n\u2019ait pas clairement sp\u00e9cifi\u00e9 les diff\u00e9rentes mesures qui seront prises dans le cadre de la mise en \u0153uvre de cette politique,\u00a0 elle se fera vraisemblablement au moyen de la hausse des imp\u00f4ts existants, l\u2019instauration de nouveaux imp\u00f4ts, l\u2019\u00e9largissement de l\u2019assiette fiscale ou alors une combinaison des trois sc\u00e9narios. Pour l\u2019heure, le gouvernement a d\u00e9j\u00e0 enclench\u00e9 l\u2019op\u00e9rationnalisation de la seconde hypoth\u00e8se. Actuellement, l\u2019Etat met progressivement en place la fiscalit\u00e9 verte. Il s\u2019agit \u00a0d\u2019une mesure qui consiste \u00e0 pr\u00e9lever des taxes, imp\u00f4ts et redevances sur des activit\u00e9s qui, dans leur mise en \u0153uvre, \u00e9mettent des polluants ou produits qui d\u00e9t\u00e9riorent l\u2019environnement, ou pr\u00e9l\u00e8vent des ressources naturelles. Un atelier y relatif a \u00e9t\u00e9 organis\u00e9 au d\u00e9but du mois de juillet, dans le but de permettre \u00e0 diverses administrations de s\u2019impr\u00e9gner de cette nouvelle mesure fiscale.<\/p>\n<p><strong>Lire aussi : <a href=\"https:\/\/ecomatin.net\/douanes-camerounaises-824-milliards-de-recettes-attendues-en-juin-2022\/\" target=\"_blank\" rel=\"noreferrer noopener\">Douanes camerounaises:\u00a082,4 milliards\u00a0de recettes attendues en juin 2022<\/a><\/strong><\/p>\n<p>Pour les autres d\u00e9clinaisons, il faudra attendre le d\u00e9p\u00f4t du projet de loi de finances 2023 au parlement en novembre prochain, lors de la session consacr\u00e9e \u00e0 l\u2019adoption du budget pour en conna\u00eetre la nature. Pour m\u00e9moire, gr\u00e2ce \u00e0 cette accentuation de la pression fiscale, le Cameroun ambitionne de mobiliser des recettes internes (douani\u00e8res, fiscales, non fiscales, non p\u00e9troli\u00e8res) de l\u2019ordre de 4\u00a0495 milliards en 2023. Soit une hausse\u00a0 de 271,8 milliards de Fcfa (+6,4%) par rapport \u00e0 2022.\u00a0<em>\u00abCes augmentations tiennent essentiellement aux recettes non p\u00e9troli\u00e8res, qui devraient conna\u00eetre une hausse sur cette p\u00e9riode, justifi\u00e9e par la dynamique de l\u2019activit\u00e9 \u00e9conomique et l\u2019hypoth\u00e8se d\u2019un effort fiscal de 0,8 point \u00e0 r\u00e9aliser en 2023 et de 0,5 point en 2024 et 2025 pour situer la pression fiscale \u00e0 13,6% en 2025<\/em>\u00bb, indique le gouvernement.<\/p>\n<p><strong>Lire aussi : <a href=\"https:\/\/ecomatin.net\/a-lest-la-dgi-table-sur-des-recettes-fiscales-de-12-milliards-en-2022\/\" target=\"_blank\" rel=\"noreferrer noopener\">\u00c0 l\u2019Est, la DGI table sur des recettes fiscales de 12 milliards en 2022<\/a><\/strong><\/p>\n<p>L\u2019article <a rel=\"nofollow\" href=\"https:\/\/ecomatin.net\/la-pression-fiscale-va-augmenter-de-08-point-en-2023-pour-se-hisser-a-126-du-pib\/\">La pression fiscale va augmenter de 0,8 point en 2023 pour se hisser \u00e0 12,6% du PIB<\/a> est apparu en premier sur <a rel=\"nofollow\" href=\"https:\/\/ecomatin.net\/\">EcoMatin<\/a>.<\/p>\n<\/div>\n<p>Auteur: Paul Tjeg<br \/>\n<a href=\"https:\/\/ecomatin.net\/la-pression-fiscale-va-augmenter-de-08-point-en-2023-pour-se-hisser-a-126-du-pib\/\">Cliquez ici pour lire l&rsquo;article depuis sa source.<\/a><\/p>\n","protected":false},"excerpt":{"rendered":"<p>D\u00e8s l\u2019ann\u00e9e prochaine, le gouvernement compte augmenter de mani\u00e8re substantielle la pression fiscale, entendez,\u00a0ratio entre recettes fiscales budg\u00e9taires et PIB, sur les principaux contribuables que sont les entreprises et les particuliers. Selon les projections contenuesdans le document de programmation \u00e9conomique et budg\u00e9taire \u00e0 moyen terme comptant pour la p\u00e9riode 2023-2025 adopt\u00e9 par les parlementaires lors [&hellip;]<\/p>\n","protected":false},"author":1969,"featured_media":0,"comment_status":"closed","ping_status":"closed","sticky":false,"template":"","format":"standard","meta":{"fifu_image_url":"","fifu_image_alt":"","footnotes":""},"categories":[82,78],"tags":[],"class_list":["post-152262","post","type-post","status-publish","format-standard","hentry","category-cameroun","category-economie"],"_links":{"self":[{"href":"https:\/\/linitiative.ca\/International\/wp-json\/wp\/v2\/posts\/152262","targetHints":{"allow":["GET"]}}],"collection":[{"href":"https:\/\/linitiative.ca\/International\/wp-json\/wp\/v2\/posts"}],"about":[{"href":"https:\/\/linitiative.ca\/International\/wp-json\/wp\/v2\/types\/post"}],"author":[{"embeddable":true,"href":"https:\/\/linitiative.ca\/International\/wp-json\/wp\/v2\/users\/1969"}],"replies":[{"embeddable":true,"href":"https:\/\/linitiative.ca\/International\/wp-json\/wp\/v2\/comments?post=152262"}],"version-history":[{"count":0,"href":"https:\/\/linitiative.ca\/International\/wp-json\/wp\/v2\/posts\/152262\/revisions"}],"wp:attachment":[{"href":"https:\/\/linitiative.ca\/International\/wp-json\/wp\/v2\/media?parent=152262"}],"wp:term":[{"taxonomy":"category","embeddable":true,"href":"https:\/\/linitiative.ca\/International\/wp-json\/wp\/v2\/categories?post=152262"},{"taxonomy":"post_tag","embeddable":true,"href":"https:\/\/linitiative.ca\/International\/wp-json\/wp\/v2\/tags?post=152262"}],"curies":[{"name":"wp","href":"https:\/\/api.w.org\/{rel}","templated":true}]}}