{"id":152264,"date":"2022-07-11T11:32:22","date_gmt":"2022-07-11T15:32:22","guid":{"rendered":"https:\/\/linitiative.ca\/International\/maroua-2e-15-milliard-de-f-pour-les-travaux-de-construction-du-boulevard-kakatare\/"},"modified":"2022-07-11T11:32:22","modified_gmt":"2022-07-11T15:32:22","slug":"maroua-2e-15-milliard-de-f-pour-les-travaux-de-construction-du-boulevard-kakatare","status":"publish","type":"post","link":"https:\/\/linitiative.ca\/International\/maroua-2e-15-milliard-de-f-pour-les-travaux-de-construction-du-boulevard-kakatare\/","title":{"rendered":"Maroua 2e\u00a0: 1,5 milliard de F pour les travaux de construction du Boulevard Kakatar\u00e9"},"content":{"rendered":"<div>\n<p>Un vent nouveau souffle sur le projet de construction du boulevard Kakatare situ\u00e9 dans l\u2019arrondissement de Maroua 2<sup>e<\/sup>, r\u00e9gion de l\u2019Extr\u00eame-Nord Cameroun. Le gouverneur de cette r\u00e9gion, Midjiyawa Bakari, a proc\u00e9d\u00e9 le 7 juillet 2022,\u00a0\u00a0au lancement desdits travaux.<\/p>\n<p>Les travaux r\u00e9alis\u00e9s par l\u2019entreprise ETS Sadjo Baba, portent sur un itin\u00e9raire allant du Carrefour Artisanat \u00e0 l\u2019entr\u00e9e de la prison centrale, en passant par les services du gouverneur, avec une bretelle sur le Pont rouge. Ceci pour un co\u00fbt de 1,5 milliard de Fcfa, dont 500 millions de Fcfa d\u00e9j\u00e0 disponibles pour la premi\u00e8re phase du projet. Si tout se passe pour le mieux, il est pr\u00e9vu que le chantier soit livr\u00e9 au mois de novembre prochain, soit un d\u00e9lai d\u2019ex\u00e9cution de 5 mois.<\/p>\n<p><strong>Lire aussi : <a href=\"https:\/\/ecomatin.net\/extreme-nord-les-consommateurs-s-se-plaignent-de-la-hausse-des-prix-des-cereales\/\" target=\"_blank\" rel=\"noreferrer noopener\">Extr\u00eame-nord\u00a0: les consommateurs se plaignent de la hausse des prix des c\u00e9r\u00e9ales<\/a><\/strong><\/p>\n<p>Il convient de relever que l\u2019arriv\u00e9e d\u2019un nouveau prestataire sur ce chantier avait \u00e9t\u00e9 annonc\u00e9e par le ministre d\u00e9l\u00e9gu\u00e9 \u00e0 la pr\u00e9sidence charg\u00e9 de la D\u00e9fense, Joseph Beti Assomo. C\u2019\u00e9tait lors de son passage devant les d\u00e9put\u00e9s pour la phase des questions orales de la session parlementaire du mois de mars dernier. \u00ab M. le maire de la ville de Maroua, dans une lettre qu\u2019il m\u2019a adress\u00e9e le 21 f\u00e9vrier dernier, m\u2019a confirm\u00e9 que le Minhdu, dans son budget d\u2019investissement public 2022, vient de transf\u00e9rer \u00e0 la Communaut\u00e9 urbaine de Maroua, une dotation de 500 millions de F pour la reprise des travaux. Il est question maintenant de proc\u00e9der \u00e0 la liquidation de l\u2019actuelle convention, afin de permettre \u00e0 la Communaut\u00e9 urbaine de faire poursuivre les travaux par une entreprise de son choix \u00bb, a-t-il expliqu\u00e9, dans les colonnes du quotidien Cameroon Tribune. Cette sortie de Joseph Beti Assomo a ce sujet nait du fait que les travaux avaient \u00e9t\u00e9 confi\u00e9s au G\u00e9nie militaire en juin 2018.<\/p>\n<p><strong>Lire aussi : <a href=\"https:\/\/ecomatin.net\/extreme-nord-la-chenille-legionnaire-detruit-15-500-hectares-de-sorgho\/\" target=\"_blank\" rel=\"noreferrer noopener\">Extr\u00eame-nord : la chenille l\u00e9gionnaire d\u00e9truit 15 500 hectares de sorgho<\/a><\/strong><\/p>\n<p>Sur le terrain, les populations semblent assez pessimistes sur la tenue \u00e0 terme des travaux, qui rentrent d\u00e9sormais dans les cadre du Programme C2D villes propres. Elles qui ont d\u00e9j\u00e0 vu \u00e0 plusieurs reprises ce chantier d\u00e9marrer puis s\u2019arr\u00eatent en cours de chemin. \u00ab\u00a0On est d\u00e9j\u00e0\u00a0\u00a0fatigu\u00e9 du th\u00e9\u00e2tre que nous servent toutes ces autorit\u00e9s au sujet de la r\u00e9habilitation de cet axe routier depuis plus de dix ans. Il y\u2019a eu les minist\u00e8res des Travaux publics, du D\u00e9veloppement urbain et de l\u2019habitat, il y\u2019a eu \u00e9galement le G\u00e9nie militaire qui ont d\u00e9fil\u00e9 sur ce tron\u00e7on, On a m\u00eame vu des engins d\u00e9marrer les travaux amis au bout d\u2019un mois, le chantier est toujours abandonn\u00e9. Je ne pense pas que c\u2019est la mairie de la ville qui puisse faire quelque chose en cinq mois\u00a0\u00bb, a confi\u00e9 Aboubakar Siddiki, habitant de Kakat\u00e9, relay\u00e9 par le quotidien Mutations de ce 11 juillet.<\/p>\n<p><strong>Lire aussi : <a href=\"https:\/\/ecomatin.net\/extreme-nord-4195-milliards-de-fcfa-pour-la-reconstruction-du-pont-palar\/\" target=\"_blank\" rel=\"noreferrer noopener\">Extr\u00eame-Nord : 4,195 milliards de Fcfa pour la reconstruction du pont Palar<\/a><\/strong><\/p>\n<p>L\u2019article <a rel=\"nofollow\" href=\"https:\/\/ecomatin.net\/maroua-2e-15-milliard-de-f-pour-les-travaux-de-construction-du-boulevard-kakatare\/\">Maroua 2e\u00a0: 1,5 milliard de F pour les travaux de construction du Boulevard Kakatar\u00e9<\/a> est apparu en premier sur <a rel=\"nofollow\" href=\"https:\/\/ecomatin.net\/\">EcoMatin<\/a>.<\/p>\n<\/div>\n<p>Auteur: Cindy MBALA<br \/>\n<a href=\"https:\/\/ecomatin.net\/maroua-2e-15-milliard-de-f-pour-les-travaux-de-construction-du-boulevard-kakatare\/\">Cliquez ici pour lire l&rsquo;article depuis sa source.<\/a><\/p>\n","protected":false},"excerpt":{"rendered":"<p>Un vent nouveau souffle sur le projet de construction du boulevard Kakatare situ\u00e9 dans l\u2019arrondissement de Maroua 2e, r\u00e9gion de l\u2019Extr\u00eame-Nord Cameroun. Le gouverneur de cette r\u00e9gion, Midjiyawa Bakari, a proc\u00e9d\u00e9 le 7 juillet 2022,\u00a0\u00a0au lancement desdits travaux. Les travaux r\u00e9alis\u00e9s par l\u2019entreprise ETS Sadjo Baba, portent sur un itin\u00e9raire allant du Carrefour Artisanat \u00e0 [&hellip;]<\/p>\n","protected":false},"author":1969,"featured_media":0,"comment_status":"closed","ping_status":"closed","sticky":false,"template":"","format":"standard","meta":{"fifu_image_url":"","fifu_image_alt":"","footnotes":""},"categories":[82,78],"tags":[],"class_list":["post-152264","post","type-post","status-publish","format-standard","hentry","category-cameroun","category-economie"],"_links":{"self":[{"href":"https:\/\/linitiative.ca\/International\/wp-json\/wp\/v2\/posts\/152264","targetHints":{"allow":["GET"]}}],"collection":[{"href":"https:\/\/linitiative.ca\/International\/wp-json\/wp\/v2\/posts"}],"about":[{"href":"https:\/\/linitiative.ca\/International\/wp-json\/wp\/v2\/types\/post"}],"author":[{"embeddable":true,"href":"https:\/\/linitiative.ca\/International\/wp-json\/wp\/v2\/users\/1969"}],"replies":[{"embeddable":true,"href":"https:\/\/linitiative.ca\/International\/wp-json\/wp\/v2\/comments?post=152264"}],"version-history":[{"count":0,"href":"https:\/\/linitiative.ca\/International\/wp-json\/wp\/v2\/posts\/152264\/revisions"}],"wp:attachment":[{"href":"https:\/\/linitiative.ca\/International\/wp-json\/wp\/v2\/media?parent=152264"}],"wp:term":[{"taxonomy":"category","embeddable":true,"href":"https:\/\/linitiative.ca\/International\/wp-json\/wp\/v2\/categories?post=152264"},{"taxonomy":"post_tag","embeddable":true,"href":"https:\/\/linitiative.ca\/International\/wp-json\/wp\/v2\/tags?post=152264"}],"curies":[{"name":"wp","href":"https:\/\/api.w.org\/{rel}","templated":true}]}}