{"id":152266,"date":"2022-07-11T13:51:30","date_gmt":"2022-07-11T17:51:30","guid":{"rendered":"https:\/\/linitiative.ca\/International\/au-cameroun-la-vente-des-test-pcr-a-genere-plus-de-500-millions-de-f-en-un-mois\/"},"modified":"2022-07-11T13:51:30","modified_gmt":"2022-07-11T17:51:30","slug":"au-cameroun-la-vente-des-test-pcr-a-genere-plus-de-500-millions-de-f-en-un-mois","status":"publish","type":"post","link":"https:\/\/linitiative.ca\/International\/au-cameroun-la-vente-des-test-pcr-a-genere-plus-de-500-millions-de-f-en-un-mois\/","title":{"rendered":"Au Cameroun, la vente des test\u00a0PCR a g\u00e9n\u00e9r\u00e9 plus de 500 millions de F en un mois"},"content":{"rendered":"<div>\n<p>Depuis le 15 juin 2022, les tests PCR sont payants. D\u00e9sormais, la grande majorit\u00e9 des voyageurs qui souhaite sortir des fronti\u00e8res du Cameroun doit automatiquement d\u00e9bourser la somme de 30\u00a0000 FCFA pour se procurer le pr\u00e9cieux s\u00e9same.\u00a0Un article consacrant cette d\u00e9cision a \u00e9t\u00e9 ajout\u00e9 dans la loi des finances\u00a0rectificative adopt\u00e9e au parlement en juin dernier. Pr\u00e8s d\u2019un mois apr\u00e8s l\u2019instauration de cette mesure, 19\u00a0000 tests PCR ont d\u2019ores et d\u00e9j\u00e0 \u00e9t\u00e9 vendus pour un montant de \u00a0541,8 millions de Fcfa, a en croire le minist\u00e8re de la Sant\u00e9 Publique.<\/p>\n<p><strong>Lire aussi : <a href=\"https:\/\/ecomatin.net\/test-covid-payant-les-deputes-sen-rejouissent-%EF%BF%BC\/\" target=\"_blank\" rel=\"noreferrer noopener\">Test Covid payant: les d\u00e9put\u00e9s s\u2019en r\u00e9jouissent\u00a0<\/a><\/strong><\/p>\n<p>Le gouvernement pense que ces recettes pourraient atteindre 10 milliards de Fcfa au cours de cette ann\u00e9e, si la tendance actuellement observ\u00e9e est maintenue. Ce qui pourrait contribuer \u00e0 une augmentation de 5% des recettes fiscales. Manaouda Malachie a par ailleurs pr\u00e9cis\u00e9 que l\u2019argent qui sera collect\u00e9 dans le cadre de la vente de ses dispositifs de d\u00e9pistage, va servir \u00e0 \u00a0renforcer la mise en \u0153uvre des initiatives prises par l\u2019Etat du Cameroun, pour apporter des r\u00e9ponses rapides aux exigences sanitaires en cours dans le pays.\u00a0<\/p>\n<p><strong>Lire aussi : <a href=\"https:\/\/ecomatin.net\/le-test-de-covid-19-coutera-desormais-30-000-fcfa-au-cameroun\/\" target=\"_blank\" rel=\"noreferrer noopener\">Le test de Covid-19 co\u00fbtera d\u00e9sormais 30\u00a0000 FCFA au Cameroun<\/a><\/strong><\/p>\n<p>\u00a0Le test Pcr est exig\u00e9 aux voyageurs qui quittent le Cameroun pour une destination ou un point de transit qui exige un test n\u00e9gatif. Il a cess\u00e9 d\u2019\u00eatre gratuit dans le pays le 15 juin 2022, conform\u00e9ment aux \u00ab\u00a0hautes instructions du Chef de l\u2019Etat\u00a0\u00bb \u00e0 travers un communiqu\u00e9 sign\u00e9 le 13 juin par le Ministre de la Sant\u00e9 publique. Les paiements sont effectu\u00e9s en ligne \u00e0 travers la plateforme de d\u00e9mat\u00e9rialisation des recettes publiques qui est h\u00e9berg\u00e9e par le Minist\u00e8re des Finances. En revanche, le laboratoire de sant\u00e9 publique de Yaound\u00e9, \u00a0l\u2019h\u00f4pital Laquintinie de Douala et le Centre hospitalier r\u00e9gional de Garoua disposent des sites, o\u00f9 le test Pcr peut \u00eatre pay\u00e9 de mani\u00e8re physique.<\/p>\n<p><strong>Lire aussi : <a href=\"https:\/\/ecomatin.net\/le-fmi-approuve-un-decaissement-de-67-milliards-en-faveur-du-cameroun-pour-soutenir-ses-reformes-structurelles-post-covid-19\/\" target=\"_blank\" rel=\"noreferrer noopener\">Le FMI approuve un d\u00e9caissement de 67 milliards en faveur du Cameroun pour soutenir ses r\u00e9formes<\/a><\/strong><\/p>\n<p>L\u2019article <a rel=\"nofollow\" href=\"https:\/\/ecomatin.net\/au-cameroun-la-vente-des-test-pcr-a-genere-plus-de-500-millions-de-f-en-un-mois\/\">Au Cameroun, la vente des test\u00a0PCR a g\u00e9n\u00e9r\u00e9 plus de 500 millions de F en un mois<\/a> est apparu en premier sur <a rel=\"nofollow\" href=\"https:\/\/ecomatin.net\/\">EcoMatin<\/a>.<\/p>\n<\/div>\n<p>Auteur: EcoMatin<br \/>\n<a href=\"https:\/\/ecomatin.net\/au-cameroun-la-vente-des-test-pcr-a-genere-plus-de-500-millions-de-f-en-un-mois\/\">Cliquez ici pour lire l&rsquo;article depuis sa source.<\/a><\/p>\n","protected":false},"excerpt":{"rendered":"<p>Depuis le 15 juin 2022, les tests PCR sont payants. D\u00e9sormais, la grande majorit\u00e9 des voyageurs qui souhaite sortir des fronti\u00e8res du Cameroun doit automatiquement d\u00e9bourser la somme de 30\u00a0000 FCFA pour se procurer le pr\u00e9cieux s\u00e9same.\u00a0Un article consacrant cette d\u00e9cision a \u00e9t\u00e9 ajout\u00e9 dans la loi des finances\u00a0rectificative adopt\u00e9e au parlement en juin dernier. [&hellip;]<\/p>\n","protected":false},"author":1969,"featured_media":0,"comment_status":"closed","ping_status":"closed","sticky":false,"template":"","format":"standard","meta":{"fifu_image_url":"","fifu_image_alt":"","footnotes":""},"categories":[82,78],"tags":[],"class_list":["post-152266","post","type-post","status-publish","format-standard","hentry","category-cameroun","category-economie"],"_links":{"self":[{"href":"https:\/\/linitiative.ca\/International\/wp-json\/wp\/v2\/posts\/152266","targetHints":{"allow":["GET"]}}],"collection":[{"href":"https:\/\/linitiative.ca\/International\/wp-json\/wp\/v2\/posts"}],"about":[{"href":"https:\/\/linitiative.ca\/International\/wp-json\/wp\/v2\/types\/post"}],"author":[{"embeddable":true,"href":"https:\/\/linitiative.ca\/International\/wp-json\/wp\/v2\/users\/1969"}],"replies":[{"embeddable":true,"href":"https:\/\/linitiative.ca\/International\/wp-json\/wp\/v2\/comments?post=152266"}],"version-history":[{"count":0,"href":"https:\/\/linitiative.ca\/International\/wp-json\/wp\/v2\/posts\/152266\/revisions"}],"wp:attachment":[{"href":"https:\/\/linitiative.ca\/International\/wp-json\/wp\/v2\/media?parent=152266"}],"wp:term":[{"taxonomy":"category","embeddable":true,"href":"https:\/\/linitiative.ca\/International\/wp-json\/wp\/v2\/categories?post=152266"},{"taxonomy":"post_tag","embeddable":true,"href":"https:\/\/linitiative.ca\/International\/wp-json\/wp\/v2\/tags?post=152266"}],"curies":[{"name":"wp","href":"https:\/\/api.w.org\/{rel}","templated":true}]}}