{"id":152281,"date":"2022-07-12T10:29:56","date_gmt":"2022-07-12T14:29:56","guid":{"rendered":"https:\/\/linitiative.ca\/International\/abdallah-stouky-doyen-des-journalistes-marocains-tire-sa-reverence\/"},"modified":"2022-07-12T10:29:56","modified_gmt":"2022-07-12T14:29:56","slug":"abdallah-stouky-doyen-des-journalistes-marocains-tire-sa-reverence","status":"publish","type":"post","link":"https:\/\/linitiative.ca\/International\/abdallah-stouky-doyen-des-journalistes-marocains-tire-sa-reverence\/","title":{"rendered":"Abdallah Stouky, doyen des journalistes marocains, tire sa r\u00e9v\u00e9rence"},"content":{"rendered":"<div>\n<div class=\"field field-name-body field-type-text-with-summary field-label-hidden\">\n<div class=\"field-items\">\n<div class=\"field-item even\" property=\"content:encoded\">\n<p class=\"rtejustify\">Abdallah Stouky n&rsquo;est plus. L&rsquo;une des figures embl\u00e9matiques de la presse nationale, Abdallah Stouky a tir\u00e9 sa r\u00e9v\u00e9rence mardi des suites d\u2019une longue maladie, indique\u00a0son entourage.<\/p>\n<\/div>\n<\/div>\n<\/div>\n<\/div>\n<p>Auteur: hgueye<br \/>\n<a href=\"https:\/\/www.leconomiste.com\/flash-infos\/abdallah-stouky-doyen-des-journalistes-marocains-tire-sa-reverence\">Cliquez ici pour lire l&rsquo;article depuis sa source.<\/a><\/p>\n","protected":false},"excerpt":{"rendered":"<p>Abdallah Stouky n&rsquo;est plus. L&rsquo;une des figures embl\u00e9matiques de la presse nationale, Abdallah Stouky a tir\u00e9 sa r\u00e9v\u00e9rence mardi des suites d\u2019une longue maladie, indique\u00a0son entourage. Auteur: hgueye Cliquez ici pour lire l&rsquo;article depuis sa source.<\/p>\n","protected":false},"author":1763,"featured_media":0,"comment_status":"closed","ping_status":"closed","sticky":false,"template":"","format":"standard","meta":{"fifu_image_url":"","fifu_image_alt":"","footnotes":""},"categories":[78,54],"tags":[],"class_list":["post-152281","post","type-post","status-publish","format-standard","hentry","category-economie","category-maroc"],"_links":{"self":[{"href":"https:\/\/linitiative.ca\/International\/wp-json\/wp\/v2\/posts\/152281","targetHints":{"allow":["GET"]}}],"collection":[{"href":"https:\/\/linitiative.ca\/International\/wp-json\/wp\/v2\/posts"}],"about":[{"href":"https:\/\/linitiative.ca\/International\/wp-json\/wp\/v2\/types\/post"}],"author":[{"embeddable":true,"href":"https:\/\/linitiative.ca\/International\/wp-json\/wp\/v2\/users\/1763"}],"replies":[{"embeddable":true,"href":"https:\/\/linitiative.ca\/International\/wp-json\/wp\/v2\/comments?post=152281"}],"version-history":[{"count":0,"href":"https:\/\/linitiative.ca\/International\/wp-json\/wp\/v2\/posts\/152281\/revisions"}],"wp:attachment":[{"href":"https:\/\/linitiative.ca\/International\/wp-json\/wp\/v2\/media?parent=152281"}],"wp:term":[{"taxonomy":"category","embeddable":true,"href":"https:\/\/linitiative.ca\/International\/wp-json\/wp\/v2\/categories?post=152281"},{"taxonomy":"post_tag","embeddable":true,"href":"https:\/\/linitiative.ca\/International\/wp-json\/wp\/v2\/tags?post=152281"}],"curies":[{"name":"wp","href":"https:\/\/api.w.org\/{rel}","templated":true}]}}