{"id":152283,"date":"2022-07-12T11:13:27","date_gmt":"2022-07-12T15:13:27","guid":{"rendered":"https:\/\/linitiative.ca\/International\/region-tta-665-millions-de-dh-pour-renforcer-lapprovisionnement-en-eau-potable\/"},"modified":"2022-07-12T11:13:27","modified_gmt":"2022-07-12T15:13:27","slug":"region-tta-665-millions-de-dh-pour-renforcer-lapprovisionnement-en-eau-potable","status":"publish","type":"post","link":"https:\/\/linitiative.ca\/International\/region-tta-665-millions-de-dh-pour-renforcer-lapprovisionnement-en-eau-potable\/","title":{"rendered":"R\u00e9gion TTA: 665 millions de DH pour renforcer l&rsquo;approvisionnement en eau potable"},"content":{"rendered":"<div>\n<div class=\"field field-name-body field-type-text-with-summary field-label-hidden\">\n<div class=\"field-items\">\n<div class=\"field-item even\" property=\"content:encoded\">\n<p class=\"rtejustify\">La r\u00e9gion Tanger-T\u00e9touan-Al Hoceima (TTA) b\u00e9n\u00e9ficiera d&rsquo;un financement\u00a0de 665 millions de DH pour renforcer l&rsquo;approvisionnement en eau potable des centres et douars.\u00a0Une convention de partenariat et de financement a \u00e9t\u00e9 adopt\u00e9e en ce sens, r\u00e9cemment \u00e0 Tanger, par le Conseil r\u00e9gional lors de sa session ordinaire du mois de juillet.<\/p>\n<\/div>\n<\/div>\n<\/div>\n<\/div>\n<p>Auteur: hgueye<br \/>\n<a href=\"https:\/\/www.leconomiste.com\/flash-infos\/region-tta-665-millions-de-dh-pour-renforcer-l-approvisionnement-en-eau-potable\">Cliquez ici pour lire l&rsquo;article depuis sa source.<\/a><\/p>\n","protected":false},"excerpt":{"rendered":"<p>La r\u00e9gion Tanger-T\u00e9touan-Al Hoceima (TTA) b\u00e9n\u00e9ficiera d&rsquo;un financement\u00a0de 665 millions de DH pour renforcer l&rsquo;approvisionnement en eau potable des centres et douars.\u00a0Une convention de partenariat et de financement a \u00e9t\u00e9 adopt\u00e9e en ce sens, r\u00e9cemment \u00e0 Tanger, par le Conseil r\u00e9gional lors de sa session ordinaire du mois de juillet. Auteur: hgueye Cliquez ici pour [&hellip;]<\/p>\n","protected":false},"author":1763,"featured_media":0,"comment_status":"closed","ping_status":"closed","sticky":false,"template":"","format":"standard","meta":{"fifu_image_url":"","fifu_image_alt":"","footnotes":""},"categories":[78,54],"tags":[],"class_list":["post-152283","post","type-post","status-publish","format-standard","hentry","category-economie","category-maroc"],"_links":{"self":[{"href":"https:\/\/linitiative.ca\/International\/wp-json\/wp\/v2\/posts\/152283","targetHints":{"allow":["GET"]}}],"collection":[{"href":"https:\/\/linitiative.ca\/International\/wp-json\/wp\/v2\/posts"}],"about":[{"href":"https:\/\/linitiative.ca\/International\/wp-json\/wp\/v2\/types\/post"}],"author":[{"embeddable":true,"href":"https:\/\/linitiative.ca\/International\/wp-json\/wp\/v2\/users\/1763"}],"replies":[{"embeddable":true,"href":"https:\/\/linitiative.ca\/International\/wp-json\/wp\/v2\/comments?post=152283"}],"version-history":[{"count":0,"href":"https:\/\/linitiative.ca\/International\/wp-json\/wp\/v2\/posts\/152283\/revisions"}],"wp:attachment":[{"href":"https:\/\/linitiative.ca\/International\/wp-json\/wp\/v2\/media?parent=152283"}],"wp:term":[{"taxonomy":"category","embeddable":true,"href":"https:\/\/linitiative.ca\/International\/wp-json\/wp\/v2\/categories?post=152283"},{"taxonomy":"post_tag","embeddable":true,"href":"https:\/\/linitiative.ca\/International\/wp-json\/wp\/v2\/tags?post=152283"}],"curies":[{"name":"wp","href":"https:\/\/api.w.org\/{rel}","templated":true}]}}