{"id":152287,"date":"2022-07-12T04:16:00","date_gmt":"2022-07-12T08:16:00","guid":{"rendered":"https:\/\/linitiative.ca\/International\/mohamed-salah-ben-ammar-immigration-on-ne-voit-bien-quavec-le-coeur\/"},"modified":"2022-07-12T04:16:00","modified_gmt":"2022-07-12T08:16:00","slug":"mohamed-salah-ben-ammar-immigration-on-ne-voit-bien-quavec-le-coeur","status":"publish","type":"post","link":"https:\/\/linitiative.ca\/International\/mohamed-salah-ben-ammar-immigration-on-ne-voit-bien-quavec-le-coeur\/","title":{"rendered":"Mohamed Salah Ben Ammar &#8211; Immigration: On ne voit bien qu\u2019avec le c\u0153ur !"},"content":{"rendered":"<div><img decoding=\"async\" src=\"https:\/\/linitiative.ca\/International\/wp-content\/uploads\/sites\/23\/2022\/07\/1657610965_article.jpg\" alt=\"Mohamed Salah Ben Ammar: On ne voit bien qu\u2019avec le c\u0153ur !\" align=\"left\">\u00ab\u00a0N&rsquo;oubliez pas l&rsquo;hospitalit\u00e9. Elle a permis \u00e0 certains, sans le savoir, de recevoir chez eux des anges\u00a0\u00bb. H\u00e9breux 13:2<br \/>\nDepuis quelque temps, et dans une indiff\u00e9rence honteuse, chaque matin nous apporte son lot de migrants morts.<br \/>\n\u2022 Apr\u00e8s avoir err\u00e9 neuf jours en M\u00e9diterran\u00e9e, vingt-deux personnes dont trois enfants sont mortes de noyade ou de d\u00e9shydratation !<br \/>\n\u2022 Le Premier ministre espagnol, Pedro Sanchez, d\u00e9nonce \u00ab\u00a0une attaque contre l&rsquo;int\u00e9grit\u00e9 territoriale\u00a0\u00bb de l&rsquo;Espagne, apr\u00e8s la mort de plusieurs dizaines de migrants d&rsquo;origine africaine lors d&rsquo;une tentative d&rsquo;entr\u00e9e vendredi matin de pr\u00e8s de 2 000 d&rsquo;entre eux dans l&rsquo;enclave espagnole de Melilla, au nord du Maroc. Tout &#8230;<\/p>\n<\/div>\n<p>Auteur:<br \/>\n<a href=\"https:\/\/www.leaders.com.tn\/article\/33599-mohamed-salah-ben-ammar-on-ne-voit-bien-qu-avec-le-coeur\">Cliquez ici pour lire l&rsquo;article depuis sa source.<\/a><\/p>\n","protected":false},"excerpt":{"rendered":"<p>\u00ab\u00a0N&rsquo;oubliez pas l&rsquo;hospitalit\u00e9. Elle a permis \u00e0 certains, sans le savoir, de recevoir chez eux des anges\u00a0\u00bb. H\u00e9breux 13:2 Depuis quelque temps, et dans une indiff\u00e9rence honteuse, chaque matin nous apporte son lot de migrants morts. \u2022 Apr\u00e8s avoir err\u00e9 neuf jours en M\u00e9diterran\u00e9e, vingt-deux personnes dont trois enfants sont mortes de noyade ou de [&hellip;]<\/p>\n","protected":false},"author":1772,"featured_media":0,"comment_status":"closed","ping_status":"closed","sticky":false,"template":"","format":"standard","meta":{"fifu_image_url":"http:\/\/www.leaders.com.tn\/uploads\/content\/thumbnails_small\/1657610965_article.jpg","fifu_image_alt":"Mohamed Salah Ben Ammar - Immigration: On ne voit bien qu\u2019avec le c\u0153ur !","footnotes":""},"categories":[73,55],"tags":[],"class_list":["post-152287","post","type-post","status-publish","format-standard","hentry","category-actualite","category-tunisie"],"_links":{"self":[{"href":"https:\/\/linitiative.ca\/International\/wp-json\/wp\/v2\/posts\/152287","targetHints":{"allow":["GET"]}}],"collection":[{"href":"https:\/\/linitiative.ca\/International\/wp-json\/wp\/v2\/posts"}],"about":[{"href":"https:\/\/linitiative.ca\/International\/wp-json\/wp\/v2\/types\/post"}],"author":[{"embeddable":true,"href":"https:\/\/linitiative.ca\/International\/wp-json\/wp\/v2\/users\/1772"}],"replies":[{"embeddable":true,"href":"https:\/\/linitiative.ca\/International\/wp-json\/wp\/v2\/comments?post=152287"}],"version-history":[{"count":0,"href":"https:\/\/linitiative.ca\/International\/wp-json\/wp\/v2\/posts\/152287\/revisions"}],"wp:attachment":[{"href":"https:\/\/linitiative.ca\/International\/wp-json\/wp\/v2\/media?parent=152287"}],"wp:term":[{"taxonomy":"category","embeddable":true,"href":"https:\/\/linitiative.ca\/International\/wp-json\/wp\/v2\/categories?post=152287"},{"taxonomy":"post_tag","embeddable":true,"href":"https:\/\/linitiative.ca\/International\/wp-json\/wp\/v2\/tags?post=152287"}],"curies":[{"name":"wp","href":"https:\/\/api.w.org\/{rel}","templated":true}]}}