{"id":152289,"date":"2022-07-12T04:20:00","date_gmt":"2022-07-12T08:20:00","guid":{"rendered":"https:\/\/linitiative.ca\/International\/document-marina-franco-la-construction-historique-de-la-democratie-en-argentine-et-la-tunisie\/"},"modified":"2022-07-12T04:20:00","modified_gmt":"2022-07-12T08:20:00","slug":"document-marina-franco-la-construction-historique-de-la-democratie-en-argentine-et-la-tunisie","status":"publish","type":"post","link":"https:\/\/linitiative.ca\/International\/document-marina-franco-la-construction-historique-de-la-democratie-en-argentine-et-la-tunisie\/","title":{"rendered":"Document &#8211; Marina Franco : La construction historique de la d\u00e9mocratie en Argentine et la Tunisie"},"content":{"rendered":"<div><img decoding=\"async\" src=\"https:\/\/linitiative.ca\/International\/wp-content\/uploads\/sites\/23\/2022\/07\/1655982821_article.jpg\" alt=\"Marina Franco\" align=\"left\">Historienne, sp\u00e9cialiste en histoire du temps pr\u00e9sent, l&rsquo;histoire de la m\u00e9moire et l\u2019histoire de la violence d\u2019\u00e9tat au XXe si\u00e8cle en Argentine, la professeure Marina Franco \u00e9tait fin juin dernier \u00e0 Tunis. A l\u2019invitation de Leaders et de l\u2019ambassade d\u2019Argentine, elle avait particip\u00e9 avec la professeure Riadh Zghal \u00e0 un s\u00e9minaire d\u2019\u00e9changes sur l\u2019exp\u00e9rience crois\u00e9e des deux pays, mod\u00e9r\u00e9 par le professeur Mohamed SassI. Sa communication m\u00e9rite lecture.<\/p>\n<p>Pour entamer ce dialogue entre les exp\u00e9riences argentine et tunisienne, je voudrais proposer quelques cl\u00e9s de lecture et d&rsquo;interpr\u00e9tation de l&rsquo;histoire argentine et du dernier processus de transition &#8230;<\/p>\n<\/div>\n<p>Auteur:<br \/>\n<a href=\"https:\/\/www.leaders.com.tn\/article\/33526-marina-franco\">Cliquez ici pour lire l&rsquo;article depuis sa source.<\/a><\/p>\n","protected":false},"excerpt":{"rendered":"<p>Historienne, sp\u00e9cialiste en histoire du temps pr\u00e9sent, l&rsquo;histoire de la m\u00e9moire et l\u2019histoire de la violence d\u2019\u00e9tat au XXe si\u00e8cle en Argentine, la professeure Marina Franco \u00e9tait fin juin dernier \u00e0 Tunis. A l\u2019invitation de Leaders et de l\u2019ambassade d\u2019Argentine, elle avait particip\u00e9 avec la professeure Riadh Zghal \u00e0 un s\u00e9minaire d\u2019\u00e9changes sur l\u2019exp\u00e9rience crois\u00e9e [&hellip;]<\/p>\n","protected":false},"author":1772,"featured_media":0,"comment_status":"closed","ping_status":"closed","sticky":false,"template":"","format":"standard","meta":{"fifu_image_url":"http:\/\/www.leaders.com.tn\/uploads\/content\/thumbnails_small\/1655982821_article.jpg","fifu_image_alt":"Document - Marina Franco : La construction historique de la d\u00e9mocratie en Argentine et la Tunisie","footnotes":""},"categories":[73,55],"tags":[],"class_list":["post-152289","post","type-post","status-publish","format-standard","hentry","category-actualite","category-tunisie"],"_links":{"self":[{"href":"https:\/\/linitiative.ca\/International\/wp-json\/wp\/v2\/posts\/152289","targetHints":{"allow":["GET"]}}],"collection":[{"href":"https:\/\/linitiative.ca\/International\/wp-json\/wp\/v2\/posts"}],"about":[{"href":"https:\/\/linitiative.ca\/International\/wp-json\/wp\/v2\/types\/post"}],"author":[{"embeddable":true,"href":"https:\/\/linitiative.ca\/International\/wp-json\/wp\/v2\/users\/1772"}],"replies":[{"embeddable":true,"href":"https:\/\/linitiative.ca\/International\/wp-json\/wp\/v2\/comments?post=152289"}],"version-history":[{"count":0,"href":"https:\/\/linitiative.ca\/International\/wp-json\/wp\/v2\/posts\/152289\/revisions"}],"wp:attachment":[{"href":"https:\/\/linitiative.ca\/International\/wp-json\/wp\/v2\/media?parent=152289"}],"wp:term":[{"taxonomy":"category","embeddable":true,"href":"https:\/\/linitiative.ca\/International\/wp-json\/wp\/v2\/categories?post=152289"},{"taxonomy":"post_tag","embeddable":true,"href":"https:\/\/linitiative.ca\/International\/wp-json\/wp\/v2\/tags?post=152289"}],"curies":[{"name":"wp","href":"https:\/\/api.w.org\/{rel}","templated":true}]}}