{"id":152291,"date":"2022-07-12T05:55:00","date_gmt":"2022-07-12T09:55:00","guid":{"rendered":"https:\/\/linitiative.ca\/International\/hedi-jalleb-directeur-general-des-archives-nationales-accelerer-la-numerisation-et-permettre-une-consultation-en-ligne\/"},"modified":"2022-07-12T05:55:00","modified_gmt":"2022-07-12T09:55:00","slug":"hedi-jalleb-directeur-general-des-archives-nationales-accelerer-la-numerisation-et-permettre-une-consultation-en-ligne","status":"publish","type":"post","link":"https:\/\/linitiative.ca\/International\/hedi-jalleb-directeur-general-des-archives-nationales-accelerer-la-numerisation-et-permettre-une-consultation-en-ligne\/","title":{"rendered":"H\u00e9di Jalleb, directeur g\u00e9n\u00e9ral des Archives nationales : acc\u00e9l\u00e9rer la num\u00e9risation et permettre une consultation en ligne"},"content":{"rendered":"<div><img decoding=\"async\" src=\"https:\/\/linitiative.ca\/International\/wp-content\/uploads\/sites\/23\/2022\/07\/1657624467_article.jpg\" alt=\"Interview interview\" align=\"left\">La transition num\u00e9rique op\u00e9r\u00e9e par les Archives nationales est un v\u00e9ritable cas d&rsquo;\u00e9cole.\u00a0Il fallait tout-\u00e0-la fois acc\u00e9l\u00e9rer la num\u00e9risations des fonds d\u00e9pos\u00e9s et acquis, mais aussi prendre en charge le contenu des sites web officiels (Pr\u00e9sidence de la R\u00e9publique, Gouvernement, Parlement, etc.). L&rsquo;objectif, outre la conservation, est de permettre leur consultation \u00e0 distance, \u00e0 partir d&rsquo;une plateforme interactive, facilitant la recherche. Le mode op\u00e9ratoire nous est expliqu\u00e9 par le directeur g\u00e9n\u00e9ral des Archives nationales, le Pr H\u00e9di Jalleb.<\/p>\n<p>Comment avez-vous proc\u00e9d\u00e9 ?<br \/>\nToutes ces consid\u00e9rations ne nous ont pas \u00e9chapp\u00e9s. Nous devons y r\u00e9pondre rapidement, &#8230;<\/p>\n<\/div>\n<p>Auteur:<br \/>\n<a href=\"https:\/\/www.leaders.com.tn\/article\/33600-hedi-jalleb-directeur-general-des-archives-nationales-accelerer-la-numerisation-et-permettre-une-consultation-en-ligne\">Cliquez ici pour lire l&rsquo;article depuis sa source.<\/a><\/p>\n","protected":false},"excerpt":{"rendered":"<p>La transition num\u00e9rique op\u00e9r\u00e9e par les Archives nationales est un v\u00e9ritable cas d&rsquo;\u00e9cole.\u00a0Il fallait tout-\u00e0-la fois acc\u00e9l\u00e9rer la num\u00e9risations des fonds d\u00e9pos\u00e9s et acquis, mais aussi prendre en charge le contenu des sites web officiels (Pr\u00e9sidence de la R\u00e9publique, Gouvernement, Parlement, etc.). L&rsquo;objectif, outre la conservation, est de permettre leur consultation \u00e0 distance, \u00e0 partir [&hellip;]<\/p>\n","protected":false},"author":1772,"featured_media":0,"comment_status":"closed","ping_status":"closed","sticky":false,"template":"","format":"standard","meta":{"fifu_image_url":"http:\/\/www.leaders.com.tn\/uploads\/content\/thumbnails_small\/1657624467_article.jpg","fifu_image_alt":"H\u00e9di Jalleb, directeur g\u00e9n\u00e9ral des Archives nationales : acc\u00e9l\u00e9rer la num\u00e9risation et permettre une consultation en ligne","footnotes":""},"categories":[73,55],"tags":[],"class_list":["post-152291","post","type-post","status-publish","format-standard","hentry","category-actualite","category-tunisie"],"_links":{"self":[{"href":"https:\/\/linitiative.ca\/International\/wp-json\/wp\/v2\/posts\/152291","targetHints":{"allow":["GET"]}}],"collection":[{"href":"https:\/\/linitiative.ca\/International\/wp-json\/wp\/v2\/posts"}],"about":[{"href":"https:\/\/linitiative.ca\/International\/wp-json\/wp\/v2\/types\/post"}],"author":[{"embeddable":true,"href":"https:\/\/linitiative.ca\/International\/wp-json\/wp\/v2\/users\/1772"}],"replies":[{"embeddable":true,"href":"https:\/\/linitiative.ca\/International\/wp-json\/wp\/v2\/comments?post=152291"}],"version-history":[{"count":0,"href":"https:\/\/linitiative.ca\/International\/wp-json\/wp\/v2\/posts\/152291\/revisions"}],"wp:attachment":[{"href":"https:\/\/linitiative.ca\/International\/wp-json\/wp\/v2\/media?parent=152291"}],"wp:term":[{"taxonomy":"category","embeddable":true,"href":"https:\/\/linitiative.ca\/International\/wp-json\/wp\/v2\/categories?post=152291"},{"taxonomy":"post_tag","embeddable":true,"href":"https:\/\/linitiative.ca\/International\/wp-json\/wp\/v2\/tags?post=152291"}],"curies":[{"name":"wp","href":"https:\/\/api.w.org\/{rel}","templated":true}]}}