{"id":152299,"date":"2022-07-12T10:28:32","date_gmt":"2022-07-12T14:28:32","guid":{"rendered":"https:\/\/linitiative.ca\/International\/deces-du-journaliste-abdallah-stouky\/"},"modified":"2022-07-12T10:28:32","modified_gmt":"2022-07-12T14:28:32","slug":"deces-du-journaliste-abdallah-stouky","status":"publish","type":"post","link":"https:\/\/linitiative.ca\/International\/deces-du-journaliste-abdallah-stouky\/","title":{"rendered":"D\u00e9c\u00e8s du journaliste Abdallah Stouky"},"content":{"rendered":"<div><img decoding=\"async\" width=\"750\" height=\"563\" src=\"https:\/\/linitiative.ca\/International\/wp-content\/uploads\/sites\/23\/2022\/07\/Abdallah-Stouky-1-e1657636322662.jpg\" class=\"attachment-post-thumbnail size-post-thumbnail wp-post-image\" alt=\"\" loading=\"lazy\" srcset=\"https:\/\/linitiative.ca\/International\/wp-content\/uploads\/sites\/23\/2022\/07\/Abdallah-Stouky-1-e1657636322662.jpg 750w, https:\/\/www.challenge.ma\/wp-content\/uploads\/2022\/07\/Abdallah-Stouky-1-e1657636322662-300x225.jpg 300w, https:\/\/www.challenge.ma\/wp-content\/uploads\/2022\/07\/Abdallah-Stouky-1-e1657636322662-360x270.jpg 360w\" sizes=\"auto, (max-width: 750px) 100vw, 750px\" itemprop=\"image\">Le champ m\u00e9diatique national vient de perdre l\u2019une de ses figures embl\u00e9matiques, Abdallah Stouky, d\u00e9c\u00e9d\u00e9 mardi des suites d\u2019une longue maladie. Natif de Marrakech en 1946, le regrett\u00e9 Stouky, qui a appris le journalisme d\u00e8s son jeune \u00e2ge, sur le tas, loin des \u00e9coles et instituts, est connu pour sa<\/div>\n<p>Auteur: Mehdi Ouazzani<br \/>\n<a href=\"https:\/\/www.challenge.ma\/deces-du-journaliste-abdallah-stouky-242330\/\">Cliquez ici pour lire l&rsquo;article depuis sa source.<\/a><\/p>\n","protected":false},"excerpt":{"rendered":"<p>Le champ m\u00e9diatique national vient de perdre l\u2019une de ses figures embl\u00e9matiques, Abdallah Stouky, d\u00e9c\u00e9d\u00e9 mardi des suites d\u2019une longue maladie. Natif de Marrakech en 1946, le regrett\u00e9 Stouky, qui a appris le journalisme d\u00e8s son jeune \u00e2ge, sur le tas, loin des \u00e9coles et instituts, est connu pour sa Auteur: Mehdi Ouazzani Cliquez ici [&hellip;]<\/p>\n","protected":false},"author":1787,"featured_media":0,"comment_status":"closed","ping_status":"closed","sticky":false,"template":"","format":"standard","meta":{"fifu_image_url":"https:\/\/www.challenge.ma\/wp-content\/uploads\/2022\/07\/Abdallah-Stouky-1-e1657636322662.jpg","fifu_image_alt":"D\u00e9c\u00e8s du journaliste Abdallah Stouky","footnotes":""},"categories":[78,54],"tags":[],"class_list":["post-152299","post","type-post","status-publish","format-standard","hentry","category-economie","category-maroc"],"_links":{"self":[{"href":"https:\/\/linitiative.ca\/International\/wp-json\/wp\/v2\/posts\/152299","targetHints":{"allow":["GET"]}}],"collection":[{"href":"https:\/\/linitiative.ca\/International\/wp-json\/wp\/v2\/posts"}],"about":[{"href":"https:\/\/linitiative.ca\/International\/wp-json\/wp\/v2\/types\/post"}],"author":[{"embeddable":true,"href":"https:\/\/linitiative.ca\/International\/wp-json\/wp\/v2\/users\/1787"}],"replies":[{"embeddable":true,"href":"https:\/\/linitiative.ca\/International\/wp-json\/wp\/v2\/comments?post=152299"}],"version-history":[{"count":0,"href":"https:\/\/linitiative.ca\/International\/wp-json\/wp\/v2\/posts\/152299\/revisions"}],"wp:attachment":[{"href":"https:\/\/linitiative.ca\/International\/wp-json\/wp\/v2\/media?parent=152299"}],"wp:term":[{"taxonomy":"category","embeddable":true,"href":"https:\/\/linitiative.ca\/International\/wp-json\/wp\/v2\/categories?post=152299"},{"taxonomy":"post_tag","embeddable":true,"href":"https:\/\/linitiative.ca\/International\/wp-json\/wp\/v2\/tags?post=152299"}],"curies":[{"name":"wp","href":"https:\/\/api.w.org\/{rel}","templated":true}]}}