{"id":152313,"date":"2022-07-11T20:03:30","date_gmt":"2022-07-12T00:03:30","guid":{"rendered":"https:\/\/linitiative.ca\/International\/siao-2022-nous-devons-reussir-cette-16e-edition-le-ministre-abdoulaye-tall\/"},"modified":"2022-07-11T20:03:30","modified_gmt":"2022-07-12T00:03:30","slug":"siao-2022-nous-devons-reussir-cette-16e-edition-le-ministre-abdoulaye-tall","status":"publish","type":"post","link":"https:\/\/linitiative.ca\/International\/siao-2022-nous-devons-reussir-cette-16e-edition-le-ministre-abdoulaye-tall\/","title":{"rendered":"SIAO 2022 : \u00ab Nous devons r\u00e9ussir cette 16e \u00e9dition \u00bb, le ministre Abdoulaye Tall"},"content":{"rendered":"<div>\n<p><strong>La direction g\u00e9n\u00e9rale du Salon international de l\u2019artisanat de Ouagadougou (SIAO) a organis\u00e9 une rencontre d\u2019information et de mobilisation des artisans de la r\u00e9gion du Centre, le jeudi 7 juillet 2022, dans la capitale burkinab\u00e8. Cette activit\u00e9 entre dans le cadre des pr\u00e9paratifs de la 16e \u00e9dition du SIAO qui se tiendra du 28 octobre au 6 novembre 2022, \u00e0 Ouagadougou.<\/strong><\/p>\n<p>Apr\u00e8s le rendez-vous manqu\u00e9 de 2020 pour raison de COVID-19, la direction g\u00e9n\u00e9rale du Salon international de l\u2019artisanat de Ouagadougou (SIAO) veut r\u00e9ussir la 16e \u00e9dition qui se tiendra du 28 octobre au 6 novembre 2022, dans la capitale burkinab\u00e8, sous le th\u00e8me \u00ab Artisanat africain, levier du d\u00e9veloppement et facteur de r\u00e9silience des populations \u00bb. Cela passe par l\u2019implication et la mobilisation des premiers acteurs, \u00e0 savoir les artisans.<\/p>\n<p>Pour relever ce premier d\u00e9fi, les premiers responsables du SIAO ont organis\u00e9 une rencontre d\u2019information et de mobilisation des artisans de la r\u00e9gion du Centre, le jeudi 7 juillet 2022, \u00e0 Ouagadougou, pr\u00e9sid\u00e9e par le ministre du D\u00e9veloppement industriel, du Commerce, de l\u2019Artisanat et des Petites et moyennes entreprises, Abdoulaye Tall. \u00ab Au regard du contexte s\u00e9curitaire difficile, nous devons, dans une synergie d\u2019actions, r\u00e9ussir cette 16e \u00e9dition du SIAO et montrer au reste du monde que nous sommes un pays r\u00e9silient.<\/p>\n<p>Nous ne pouvons pas r\u00e9ussir ce pari sans vous associer et vous impliquer \u00bb, a-t-il lanc\u00e9 aux artisans de la r\u00e9gion du Centre. Pour le ministre, le SIAO est et reste, toute modestie gard\u00e9e, la plus grande vitrine de l\u2019artisanat africain. C\u2019est pourquoi il a appel\u00e9 l\u2019ensemble des acteurs du secteur \u00e0 la synergie d\u2019actions afin que le pays des Hommes int\u00e8gres puisse continuer \u00e0 tenir haut le flambeau de cette biennale.<\/p>\n<h3>4 000 exposants attendus<\/h3>\n<p>L\u2019ambition de son d\u00e9partement est donc de maintenir ce Salon comme la r\u00e9f\u00e9rence mondiale en mati\u00e8re de promotion commerciale des produits de l\u2019artisanat africain, en d\u00e9pit de la concurrence dans plusieurs pays du continent. Les expositions, les panels, les rencontres d\u2019affaires \u00ab B to B \u00bb, la journ\u00e9e du pays invit\u00e9 d\u2019honneur, les animations culturelles et artistiques tous les soirs \u00e0 partir de 16 heures, les animations de l\u2019espace d\u00e9di\u00e9 \u00e0 la restauration, la nuit des artisans m\u00e9ritants pour r\u00e9compenser les laur\u00e9ats du Salon vont rythmer ces dix jours de rencontres panafricaines.<\/p>\n<p>Pour cette 16e \u00e9dition du SIAO, il est attendu au moins 50 acheteurs et visiteurs professionnels venant des cinq continents, 4 000 exposants, 25 pays participants, 350 000 visiteurs grand public, a fait savoir le directeur g\u00e9n\u00e9ral du SIAO, Dramane Tou. Sans oublier les 27 ministres africains en charge de l\u2019artisanat attendus \u00e0 cette biennale de l\u2019artisanat du continent. Et pour assurer une meilleure visibilit\u00e9 du Salon, au moins 350 journalistes de 50 m\u00e9dias nationaux et internationaux vont assurer la couverture m\u00e9diatique. 700 stands seront construits pour accueillir les exposants, a-t-il poursuivi.<\/p>\n<p>Pour les exposants de la zone Afrique, le prix des stands individuels ventil\u00e9s est fix\u00e9 \u00e0 300 000 F CFA contre 700 000 F CFA pour ceux climatis\u00e9s, a pr\u00e9cis\u00e9 M. Tou. Et d\u2019ajouter que ces frais de location des stands sont payables \u00e0 au moins 50% \u00e0 l\u2019inscription et le solde au plus tard le 31 ao\u00fbt 2022.<\/p>\n<h3>Gare aux fraudeurs<\/h3>\n<p>Quant aux moyens de paiement, ils peuvent se faire par virement ou en esp\u00e8ces au compte TRESOR SP-SIAO N\u00b0443310000006 (N\u00b0 de transfert SWIFT : TRESOR), virement au compte BCEAO N\u00b02612200C00060224 SIAO (N\u00b0 de transfert SWIFT : BCAOBFBFXXX), en esp\u00e8ces aupr\u00e8s de la comptabilit\u00e9 du SIAO ou par ch\u00e8que certifi\u00e9 \u00e0 l\u2019ordre du SIAO \u00e0 d\u00e9poser \u00e0 la comptabilit\u00e9 du SIAO. En ce qui concerne l\u2019acc\u00e8s grand public, il peut se faire moyennant 500 F CFA pour les pavillons ventil\u00e9s et l\u2019espace Arts et M\u00e9tiers, 1000 F CFA pour les pavillons climatis\u00e9s et le pavillon de la Cr\u00e9ativit\u00e9 ou 10 000 F pour un acc\u00e8s permanent au site pour toute la dur\u00e9e du salon.<\/p>\n<p>Lors des \u00e9ditions pass\u00e9es, les pratiques frauduleuses consistant \u00e0 introduire les produits industriels \u00e9taient constat\u00e9es. Pour ce 16e rendez-vous, le comit\u00e9 d\u2019organisation sera \u00ab intraitable \u00bb vis-\u00e0-vis des \u00e9ventuels ind\u00e9licats exposants et qui, par ces agissements, vident le Salon de son statut de vitrine des produits artisanaux, a insist\u00e9 le directeur g\u00e9n\u00e9ral du SIAO. Une cellule de veille et de contr\u00f4le sera mise en place \u00e0 cet effet. Apr\u00e8s le Centre, les rencontres d\u2019information et de mobilisation vont se poursuivre dans les 12 autres r\u00e9gions du pays afin de susciter une participation massive des artisans burkinab\u00e8.<\/p>\n<p style=\"text-align: right\"><strong>Mahamadi SEBOGO<\/strong><\/p>\n<p style=\"text-align: right\">Windmad76@gmail<\/p>\n<hr>\n<p>Les prix des stands de la 16e \u00e9dition du SIAO (en F CFA) :<\/p>\n<p><img decoding=\"async\" data-attachment-id=\"52184\" data-permalink=\"https:\/\/www.sidwaya.info\/blog\/2022\/07\/12\/siao-2022-nous-devons-reussir-cette-16e-edition-le-ministre-abdoulaye-tall\/siao-4\/\" data-orig-file=\"https:\/\/i0.wp.com\/www.sidwaya.info\/wp-content\/uploads\/2022\/07\/siao.gif?fit=787%2C546&amp;ssl=1\" data-orig-size=\"787,546\" data-comments-opened=\"1\" data-image-meta='{\"aperture\":\"0\",\"credit\":\"\",\"camera\":\"\",\"caption\":\"\",\"created_timestamp\":\"0\",\"copyright\":\"\",\"focal_length\":\"0\",\"iso\":\"0\",\"shutter_speed\":\"0\",\"title\":\"\",\"orientation\":\"0\"}' data-image-title=\"siao\" data-image-description=\"\" data-image-caption=\"\" data-medium-file=\"https:\/\/i0.wp.com\/www.sidwaya.info\/wp-content\/uploads\/2022\/07\/siao.gif?fit=300%2C208&amp;ssl=1\" data-large-file=\"https:\/\/i0.wp.com\/www.sidwaya.info\/wp-content\/uploads\/2022\/07\/siao.gif?fit=696%2C483&amp;ssl=1\" loading=\"lazy\" class=\"alignnone wp-image-52184\" src=\"https:\/\/i0.wp.com\/www.sidwaya.info\/wp-content\/uploads\/2022\/07\/siao.gif?resize=325,225&amp;ssl=1\" alt=\"\" width=\"325\" height=\"225\" srcset=\"https:\/\/i0.wp.com\/www.sidwaya.info\/wp-content\/uploads\/2022\/07\/siao.gif?resize=300%2C208&amp;ssl=1 300w, https:\/\/i0.wp.com\/www.sidwaya.info\/wp-content\/uploads\/2022\/07\/siao.gif?resize=768%2C533&amp;ssl=1 768w, https:\/\/i0.wp.com\/www.sidwaya.info\/wp-content\/uploads\/2022\/07\/siao.gif?resize=150%2C104&amp;ssl=1 150w, https:\/\/i0.wp.com\/www.sidwaya.info\/wp-content\/uploads\/2022\/07\/siao.gif?resize=218%2C150&amp;ssl=1 218w, https:\/\/i0.wp.com\/www.sidwaya.info\/wp-content\/uploads\/2022\/07\/siao.gif?resize=696%2C483&amp;ssl=1 696w, https:\/\/i0.wp.com\/www.sidwaya.info\/wp-content\/uploads\/2022\/07\/siao.gif?resize=605%2C420&amp;ssl=1 605w, https:\/\/i0.wp.com\/www.sidwaya.info\/wp-content\/uploads\/2022\/07\/siao.gif?resize=100%2C70&amp;ssl=1 100w\" sizes=\"auto, (max-width: 325px) 100vw, 325px\" data-recalc-dims=\"1\"><\/p>\n<\/div>\n<p>Auteur: JK. Sidwaya<br \/>\n<a href=\"https:\/\/www.sidwaya.info\/blog\/2022\/07\/12\/siao-2022-nous-devons-reussir-cette-16e-edition-le-ministre-abdoulaye-tall\/\">Cliquez ici pour lire l&rsquo;article depuis sa source.<\/a><\/p>\n","protected":false},"excerpt":{"rendered":"<p>La direction g\u00e9n\u00e9rale du Salon international de l\u2019artisanat de Ouagadougou (SIAO) a organis\u00e9 une rencontre d\u2019information et de mobilisation des artisans de la r\u00e9gion du Centre, le jeudi 7 juillet 2022, dans la capitale burkinab\u00e8. Cette activit\u00e9 entre dans le cadre des pr\u00e9paratifs de la 16e \u00e9dition du SIAO qui se tiendra du 28 octobre [&hellip;]<\/p>\n","protected":false},"author":1816,"featured_media":0,"comment_status":"closed","ping_status":"closed","sticky":false,"template":"","format":"standard","meta":{"fifu_image_url":"https:\/\/i0.wp.com\/www.sidwaya.info\/wp-content\/uploads\/2022\/07\/siao.gif?resize=325,225&ssl=1","fifu_image_alt":"SIAO 2022 : \u00ab Nous devons r\u00e9ussir cette 16e \u00e9dition \u00bb, le ministre Abdoulaye Tall","footnotes":""},"categories":[73,81],"tags":[],"class_list":["post-152313","post","type-post","status-publish","format-standard","hentry","category-actualite","category-burkina-faso"],"_links":{"self":[{"href":"https:\/\/linitiative.ca\/International\/wp-json\/wp\/v2\/posts\/152313","targetHints":{"allow":["GET"]}}],"collection":[{"href":"https:\/\/linitiative.ca\/International\/wp-json\/wp\/v2\/posts"}],"about":[{"href":"https:\/\/linitiative.ca\/International\/wp-json\/wp\/v2\/types\/post"}],"author":[{"embeddable":true,"href":"https:\/\/linitiative.ca\/International\/wp-json\/wp\/v2\/users\/1816"}],"replies":[{"embeddable":true,"href":"https:\/\/linitiative.ca\/International\/wp-json\/wp\/v2\/comments?post=152313"}],"version-history":[{"count":0,"href":"https:\/\/linitiative.ca\/International\/wp-json\/wp\/v2\/posts\/152313\/revisions"}],"wp:attachment":[{"href":"https:\/\/linitiative.ca\/International\/wp-json\/wp\/v2\/media?parent=152313"}],"wp:term":[{"taxonomy":"category","embeddable":true,"href":"https:\/\/linitiative.ca\/International\/wp-json\/wp\/v2\/categories?post=152313"},{"taxonomy":"post_tag","embeddable":true,"href":"https:\/\/linitiative.ca\/International\/wp-json\/wp\/v2\/tags?post=152313"}],"curies":[{"name":"wp","href":"https:\/\/api.w.org\/{rel}","templated":true}]}}