{"id":152315,"date":"2022-07-11T20:20:57","date_gmt":"2022-07-12T00:20:57","guid":{"rendered":"https:\/\/linitiative.ca\/International\/delegation-consulaire-du-plateau-central-un-nouveau-siege-pour-dynamiser-le-secteur-prive\/"},"modified":"2022-07-11T20:20:57","modified_gmt":"2022-07-12T00:20:57","slug":"delegation-consulaire-du-plateau-central-un-nouveau-siege-pour-dynamiser-le-secteur-prive","status":"publish","type":"post","link":"https:\/\/linitiative.ca\/International\/delegation-consulaire-du-plateau-central-un-nouveau-siege-pour-dynamiser-le-secteur-prive\/","title":{"rendered":"D\u00e9l\u00e9gation consulaire du Plateau central : un nouveau si\u00e8ge pour dynamiser le secteur priv\u00e9"},"content":{"rendered":"<div>\n<p><strong>Le ministre du D\u00e9veloppement industriel, du Commerce, de l\u2019Artisanat et des Petites et moyennes entreprises, Abdoulaye Tall, a proc\u00e9d\u00e9, dans la l\u2019apr\u00e8s-midi du samedi 25 juin 2022, \u00e0 Ziniar\u00e9, \u00e0 l\u2019inauguration du si\u00e8ge de la d\u00e9l\u00e9gation consulaire r\u00e9gionale du Plateau central.<\/strong><\/p>\n<p>La d\u00e9l\u00e9gation consu-laire du Plateau central dispose d\u00e9sormais d\u2019un nouveau si\u00e8ge. D\u2019une valeur de 400 millions FCFA, il est b\u00e2ti \u00e0 Ziniar\u00e9 et est compos\u00e9 de bureaux, de salles de r\u00e9union, etc. L\u2019infrastructure a \u00e9t\u00e9 inaugur\u00e9e, le samedi 25 juin 2022, en pr\u00e9sence de membres du gouvernement et de plusieurs hommes d\u2019affaires du pays. Le pr\u00e9sident de la D\u00e9l\u00e9gation consulaire r\u00e9gionale du Plateau central, Edouard Bonkoungou, a fait savoir que l\u2019\u00e9rection de ce si\u00e8ge vise \u00e0 rapprocher les services aux acteurs \u00e9conomiques locaux.<\/p>\n<p>Pour lui, le b\u00e2timent flambant neuf va surtout, offrir au personnel de meilleures conditions de travail et aux usagers, un cadre id\u00e9al pour les affaires. A en croire Mahamadi Sawadogo, pr\u00e9sident de la Chambre de commerce et d\u2019industrie du Burkina Faso, cette infrastructure d\u00e9passe un simple cadre de rencontre. Elle est, de son avis, le symbole du combat pour l\u2019\u00e9mergence d\u2019un secteur priv\u00e9 dynamique. \u00ab Le si\u00e8ge que nous inaugurons aujourd\u2019hui permettra d\u2019offrir davantage un cadre de rencontres au profit du secteur priv\u00e9 local, ainsi que des services d\u2019appui-conseil \u00bb, a-t-il ajout\u00e9.<\/p>\n<h3>500 entreprises cr\u00e9\u00e9es en 7 ans<\/h3>\n<figure id=\"attachment_52193\" aria-describedby=\"caption-attachment-52193\" style=\"width: 300px\" class=\"wp-caption alignleft\"><img decoding=\"async\" data-attachment-id=\"52193\" data-permalink=\"https:\/\/www.sidwaya.info\/blog\/2022\/07\/12\/delegation-consulaire-du-plateau-central-un-nouveau-siege-pour-dynamiser-le-secteur-prive\/ccibf1\/\" data-orig-file=\"https:\/\/i0.wp.com\/www.sidwaya.info\/wp-content\/uploads\/2022\/07\/ccibf1.gif?fit=787%2C354&amp;ssl=1\" data-orig-size=\"787,354\" data-comments-opened=\"1\" data-image-meta='{\"aperture\":\"0\",\"credit\":\"\",\"camera\":\"\",\"caption\":\"\",\"created_timestamp\":\"0\",\"copyright\":\"\",\"focal_length\":\"0\",\"iso\":\"0\",\"shutter_speed\":\"0\",\"title\":\"\",\"orientation\":\"0\"}' data-image-title=\"ccibf1\" data-image-description=\"\" data-image-caption=\"&lt;p&gt;\u2026par les autorit\u00e9s. &lt;\/p&gt;\n\" data-medium-file=\"https:\/\/i0.wp.com\/www.sidwaya.info\/wp-content\/uploads\/2022\/07\/ccibf1.gif?fit=300%2C135&amp;ssl=1\" data-large-file=\"https:\/\/i0.wp.com\/www.sidwaya.info\/wp-content\/uploads\/2022\/07\/ccibf1.gif?fit=696%2C313&amp;ssl=1\" loading=\"lazy\" class=\"size-medium wp-image-52193\" src=\"https:\/\/i0.wp.com\/www.sidwaya.info\/wp-content\/uploads\/2022\/07\/ccibf1.gif?resize=300,135&amp;ssl=1\" alt=\"\" width=\"300\" height=\"135\" srcset=\"https:\/\/i0.wp.com\/www.sidwaya.info\/wp-content\/uploads\/2022\/07\/ccibf1.gif?resize=300,135&amp;ssl=1 300w, https:\/\/i0.wp.com\/www.sidwaya.info\/wp-content\/uploads\/2022\/07\/ccibf1.gif?resize=768%2C345&amp;ssl=1 768w, https:\/\/i0.wp.com\/www.sidwaya.info\/wp-content\/uploads\/2022\/07\/ccibf1.gif?resize=150%2C67&amp;ssl=1 150w, https:\/\/i0.wp.com\/www.sidwaya.info\/wp-content\/uploads\/2022\/07\/ccibf1.gif?resize=696%2C313&amp;ssl=1 696w\" sizes=\"auto, (max-width: 300px) 100vw, 300px\" data-recalc-dims=\"1\"><figcaption id=\"caption-attachment-52193\" class=\"wp-caption-text\">\u2026par les autorit\u00e9s.<\/figcaption><\/figure>\n<p>Edouard Bonkoungou est revenu sur l\u2019historique de la cr\u00e9ation de la d\u00e9l\u00e9gation consulaire r\u00e9gionale du Plateau central et a rendu hommage aux devanciers. \u00ab L\u2019histoire de notre institution r\u00e9gionale remonte \u00e0 2013 lorsqu\u2019il a \u00e9t\u00e9 cr\u00e9\u00e9 la section territoriale du Plateau central avec \u00e0 sa t\u00eate, mon cher a\u00een\u00e9 Nana Boureima \u00bb, a indiqu\u00e9 M. Bonkoungou. Il a ajout\u00e9 que c\u2019est en 2016 que la D\u00e9l\u00e9gation consulaire dont il a la charge a vu le jour avec les premi\u00e8res \u00e9lections qui avaient port\u00e9 Hamado Sawadogo \u00e0 sa t\u00eate.<\/p>\n<p>Depuis lors, plus de 5 000 hommes d\u2019affaires ont \u00e9t\u00e9 inform\u00e9s et sensibilis\u00e9s aux th\u00e9matiques d\u2019int\u00e9r\u00eat \u00e9conomique, une cinquantaine de conf\u00e9rences consulaires ont \u00e9t\u00e9 organis\u00e9es dans les quatre provinces de la r\u00e9gion et environ 300 jeunes ont \u00e9t\u00e9 form\u00e9s \u00e0 l\u2019entrepreneuriat et \u00e0 la comptabilit\u00e9 simplifi\u00e9e. Avec la cr\u00e9ation du Centre de formalit\u00e9s des entreprises (CEFORE), pr\u00e8s de 500 entreprises ont vu le jour dans le Plateau central.<\/p>\n<p>A l\u2019occasion, six porteurs de projets de la r\u00e9gion du Plateau central ont re\u00e7u des pr\u00eats d\u2019honneur afin de leur permettre de mettre en \u0153uvre leurs projets. Pour le parrain Hamado Sawadogo, la r\u00e9gion du Plateau central est la quatri\u00e8me apr\u00e8s le Centre-Est, le Centre et les Hauts-Bassins, \u00e0 obtenir des pr\u00eats d\u2019honneur cons\u00e9cutifs aux activit\u00e9s des d\u00e9l\u00e9gations consulaires. Pour cela, il a appel\u00e9 les b\u00e9n\u00e9ficiaires \u00e0 en faire bon usage afin de pouvoir rembourser dans les d\u00e9lais. Le ministre du D\u00e9veloppement industriel, du Commerce, de l\u2019Artisanat et des Petites et moyennes entreprises, Abdoulaye Tall, a salu\u00e9 les efforts fournis par la d\u00e9l\u00e9gation consulaire. Il a lou\u00e9 la r\u00e9alisation de ce si\u00e8ge qui va rapprocher l\u2019offre de service et faciliter la cr\u00e9ation d\u2019entreprises au profit des populations de Ziniar\u00e9.<\/p>\n<p style=\"text-align: right\"><strong>Djakaridia SIRIBIE <\/strong><\/p>\n<\/div>\n<p>Auteur: JK. Sidwaya<br \/>\n<a href=\"https:\/\/www.sidwaya.info\/blog\/2022\/07\/12\/delegation-consulaire-du-plateau-central-un-nouveau-siege-pour-dynamiser-le-secteur-prive\/\">Cliquez ici pour lire l&rsquo;article depuis sa source.<\/a><\/p>\n","protected":false},"excerpt":{"rendered":"<p>Le ministre du D\u00e9veloppement industriel, du Commerce, de l\u2019Artisanat et des Petites et moyennes entreprises, Abdoulaye Tall, a proc\u00e9d\u00e9, dans la l\u2019apr\u00e8s-midi du samedi 25 juin 2022, \u00e0 Ziniar\u00e9, \u00e0 l\u2019inauguration du si\u00e8ge de la d\u00e9l\u00e9gation consulaire r\u00e9gionale du Plateau central. La d\u00e9l\u00e9gation consu-laire du Plateau central dispose d\u00e9sormais d\u2019un nouveau si\u00e8ge. D\u2019une valeur de [&hellip;]<\/p>\n","protected":false},"author":1816,"featured_media":0,"comment_status":"closed","ping_status":"closed","sticky":false,"template":"","format":"standard","meta":{"fifu_image_url":"https:\/\/i0.wp.com\/www.sidwaya.info\/wp-content\/uploads\/2022\/07\/ccibf1.gif?resize=300,135&ssl=1","fifu_image_alt":"D\u00e9l\u00e9gation consulaire du Plateau central : un nouveau si\u00e8ge pour dynamiser le secteur priv\u00e9","footnotes":""},"categories":[73,81],"tags":[],"class_list":["post-152315","post","type-post","status-publish","format-standard","hentry","category-actualite","category-burkina-faso"],"_links":{"self":[{"href":"https:\/\/linitiative.ca\/International\/wp-json\/wp\/v2\/posts\/152315","targetHints":{"allow":["GET"]}}],"collection":[{"href":"https:\/\/linitiative.ca\/International\/wp-json\/wp\/v2\/posts"}],"about":[{"href":"https:\/\/linitiative.ca\/International\/wp-json\/wp\/v2\/types\/post"}],"author":[{"embeddable":true,"href":"https:\/\/linitiative.ca\/International\/wp-json\/wp\/v2\/users\/1816"}],"replies":[{"embeddable":true,"href":"https:\/\/linitiative.ca\/International\/wp-json\/wp\/v2\/comments?post=152315"}],"version-history":[{"count":0,"href":"https:\/\/linitiative.ca\/International\/wp-json\/wp\/v2\/posts\/152315\/revisions"}],"wp:attachment":[{"href":"https:\/\/linitiative.ca\/International\/wp-json\/wp\/v2\/media?parent=152315"}],"wp:term":[{"taxonomy":"category","embeddable":true,"href":"https:\/\/linitiative.ca\/International\/wp-json\/wp\/v2\/categories?post=152315"},{"taxonomy":"post_tag","embeddable":true,"href":"https:\/\/linitiative.ca\/International\/wp-json\/wp\/v2\/tags?post=152315"}],"curies":[{"name":"wp","href":"https:\/\/api.w.org\/{rel}","templated":true}]}}