{"id":152316,"date":"2022-07-12T10:08:28","date_gmt":"2022-07-12T14:08:28","guid":{"rendered":"https:\/\/linitiative.ca\/International\/ouagadougou-la-delegation-speciale-de-la-commune-adopte-ses-regles-de-fonctionnement-en-attendant-de-sattaquer-aux-dossiers-de-fonds\/"},"modified":"2022-07-12T10:08:28","modified_gmt":"2022-07-12T14:08:28","slug":"ouagadougou-la-delegation-speciale-de-la-commune-adopte-ses-regles-de-fonctionnement-en-attendant-de-sattaquer-aux-dossiers-de-fonds","status":"publish","type":"post","link":"https:\/\/linitiative.ca\/International\/ouagadougou-la-delegation-speciale-de-la-commune-adopte-ses-regles-de-fonctionnement-en-attendant-de-sattaquer-aux-dossiers-de-fonds\/","title":{"rendered":"Ouagadougou : la d\u00e9l\u00e9gation sp\u00e9ciale de la commune adopte ses r\u00e8gles de fonctionnement en attendant de s\u2019attaquer aux dossiers de fonds"},"content":{"rendered":"<div>\n<p>Prendre contact et adopter les premiers textes de fonctionnement. Les membres de la d\u00e9l\u00e9gation sp\u00e9ciale de la commune de Ouagadougou se sont r\u00e9unis ce mardi 12 juillet en session extraordinaire consacr\u00e9e essentiellement \u00e0 l\u2019adoption des r\u00e8glements int\u00e9rieurs et des r\u00e8gles de fonctionnement de cette structure int\u00e9rimaire charg\u00e9e de la gestion de la municipalit\u00e9.<\/p>\n<p>Les membres de la d\u00e9l\u00e9gation sp\u00e9ciale ont aussi examin\u00e9 les attributions et le mode de fonctionnement des commissions permanentes de la d\u00e9l\u00e9gation sp\u00e9ciale et fait la r\u00e9partition des membres par commission permanente.<\/p>\n<p>\u00ab\u00a0Il s\u2019agit d\u2019une d\u00e9marche r\u00e9glementaire. Apr\u00e8s la mise en place (de la d\u00e9l\u00e9gation sp\u00e9ciale) il fallait se r\u00e9unir pour adopter les textes qui vont permettre \u00e0 la d\u00e9l\u00e9gation sp\u00e9ciale de fonctionner\u00a0\u00bb, a expliqu\u00e9 le pr\u00e9sident de la d\u00e9l\u00e9gation sp\u00e9ciale, Boureima Sawadogo.<\/p>\n<figure id=\"attachment_52197\" aria-describedby=\"caption-attachment-52197\" style=\"width: 696px\" class=\"wp-caption alignnone\"><img loading=\"lazy\" decoding=\"async\" data-attachment-id=\"52197\" data-permalink=\"https:\/\/www.sidwaya.info\/blog\/2022\/07\/12\/ouagadougou-la-delegation-speciale-de-la-commune-adopte-ses-regles-de-fonctionnement-en-attendant-de-sattaquer-aux-dossiers-de-fonds\/whatsapp-image-2022-07-12-at-11-29-29\/\" data-orig-file=\"https:\/\/i0.wp.com\/www.sidwaya.info\/wp-content\/uploads\/2022\/07\/WhatsApp-Image-2022-07-12-at-11.29.29-e1657634807828.jpeg?fit=600%2C354&amp;ssl=1\" data-orig-size=\"600,354\" data-comments-opened=\"1\" data-image-meta='{\"aperture\":\"0\",\"credit\":\"\",\"camera\":\"\",\"caption\":\"\",\"created_timestamp\":\"0\",\"copyright\":\"\",\"focal_length\":\"0\",\"iso\":\"0\",\"shutter_speed\":\"0\",\"title\":\"\",\"orientation\":\"0\"}' data-image-title=\"\" data-image-description=\"\" data-image-caption=\"&lt;p&gt;Des membres de la d\u00e9l\u00e9gation sp\u00e9ciale de la commune de Ouagadougou le mardi 12 juillet 2022 lors de la session extraordinaire pour l&amp;rsquo;adoption des textes de fonctionnement de la d\u00e9l\u00e9gation sp\u00e9ciale. \u00a9 : Moussa Kayda pour Sidwaya.info. Editions Sidwaya&lt;\/p&gt;\n\" data-medium-file=\"https:\/\/i0.wp.com\/www.sidwaya.info\/wp-content\/uploads\/2022\/07\/WhatsApp-Image-2022-07-12-at-11.29.29-e1657634807828.jpeg?fit=300%2C177&amp;ssl=1\" data-large-file=\"https:\/\/i0.wp.com\/www.sidwaya.info\/wp-content\/uploads\/2022\/07\/WhatsApp-Image-2022-07-12-at-11.29.29-e1657634807828.jpeg?fit=696%2C521&amp;ssl=1\" class=\"size-large wp-image-52197\" src=\"https:\/\/i0.wp.com\/www.sidwaya.info\/wp-content\/uploads\/2022\/07\/WhatsApp-Image-2022-07-12-at-11.29.29.jpeg?resize=696,521&amp;ssl=1\" alt=\"\" width=\"696\" height=\"521\" data-recalc-dims=\"1\"><figcaption id=\"caption-attachment-52197\" class=\"wp-caption-text\"><strong>Des membres de la d\u00e9l\u00e9gation sp\u00e9ciale de la commune de Ouagadougou le mardi 12 juillet 2022 lors de la session extraordinaire pour l\u2019adoption des textes de fonctionnement de la d\u00e9l\u00e9gation sp\u00e9ciale. \u00a9 : Moussa Kayda pour Sidwaya.info. Editions Sidwaya<\/strong><\/figcaption><\/figure>\n<p>Une formalit\u00e9 donc, \u00e9tant donn\u00e9, selon les pr\u00e9cisions de M. Sawadogo, que \u00ab\u00a0tout est d\u00e9j\u00e0 encadr\u00e9 par le code g\u00e9n\u00e9ral des collectivit\u00e9s territoriales et le d\u00e9cret portant mise en place des d\u00e9l\u00e9gations sp\u00e9ciales\u00a0\u00bb, textes sur la base desquels le r\u00e8glement int\u00e9rieur doit \u00eatre \u00e9labor\u00e9.<\/p>\n<p>Le \u00ab\u00a0v\u00e9ritable travail\u00a0\u00bb interviendra apr\u00e8s ces questions de forme. C\u2019est du moins ce qu\u2019a signifi\u00e9 le pr\u00e9sident de la d\u00e9l\u00e9gation sp\u00e9ciale lorsqu\u2019il a annonc\u00e9 la convocation prochaine d\u2019une session ordinaire pour aborder des points int\u00e9ressants le fonctionnement de la commune de Ouagadougou.<\/p>\n<p>\u00ab\u00a0D\u00e9j\u00e0 nous allons voir avec la collectivit\u00e9 dissoute les chantiers en cours et envisager ce que nous pourrons ajouter dans le sens de promouvoir le d\u00e9veloppement et r\u00e9pondre aux attentes des populations de Ouagadougou\u00a0\u00bb, a-t-il not\u00e9.<\/p>\n<p>La d\u00e9l\u00e9gation sp\u00e9ciale de la commune de Ouagadougou a \u00e9t\u00e9 install\u00e9e le 28 juin 2022.<\/p>\n<p><strong>Moussa KAYDA <\/strong><\/p>\n<p><strong>Stagiaire<\/strong><\/p>\n<\/div>\n<p>Auteur: Wamini SIDWAYA<br \/>\n<a href=\"https:\/\/www.sidwaya.info\/blog\/2022\/07\/12\/ouagadougou-la-delegation-speciale-de-la-commune-adopte-ses-regles-de-fonctionnement-en-attendant-de-sattaquer-aux-dossiers-de-fonds\/\">Cliquez ici pour lire l&rsquo;article depuis sa source.<\/a><\/p>\n","protected":false},"excerpt":{"rendered":"<p>Prendre contact et adopter les premiers textes de fonctionnement. Les membres de la d\u00e9l\u00e9gation sp\u00e9ciale de la commune de Ouagadougou se sont r\u00e9unis ce mardi 12 juillet en session extraordinaire consacr\u00e9e essentiellement \u00e0 l\u2019adoption des r\u00e8glements int\u00e9rieurs et des r\u00e8gles de fonctionnement de cette structure int\u00e9rimaire charg\u00e9e de la gestion de la municipalit\u00e9. Les membres [&hellip;]<\/p>\n","protected":false},"author":1816,"featured_media":0,"comment_status":"closed","ping_status":"closed","sticky":false,"template":"","format":"standard","meta":{"fifu_image_url":"https:\/\/i0.wp.com\/www.sidwaya.info\/wp-content\/uploads\/2022\/07\/WhatsApp-Image-2022-07-12-at-11.29.29.jpeg?resize=696,521&ssl=1","fifu_image_alt":"Ouagadougou : la d\u00e9l\u00e9gation sp\u00e9ciale de la commune adopte ses r\u00e8gles de fonctionnement en attendant de s\u2019attaquer aux dossiers de fonds","footnotes":""},"categories":[73,81],"tags":[],"class_list":["post-152316","post","type-post","status-publish","format-standard","hentry","category-actualite","category-burkina-faso"],"_links":{"self":[{"href":"https:\/\/linitiative.ca\/International\/wp-json\/wp\/v2\/posts\/152316","targetHints":{"allow":["GET"]}}],"collection":[{"href":"https:\/\/linitiative.ca\/International\/wp-json\/wp\/v2\/posts"}],"about":[{"href":"https:\/\/linitiative.ca\/International\/wp-json\/wp\/v2\/types\/post"}],"author":[{"embeddable":true,"href":"https:\/\/linitiative.ca\/International\/wp-json\/wp\/v2\/users\/1816"}],"replies":[{"embeddable":true,"href":"https:\/\/linitiative.ca\/International\/wp-json\/wp\/v2\/comments?post=152316"}],"version-history":[{"count":0,"href":"https:\/\/linitiative.ca\/International\/wp-json\/wp\/v2\/posts\/152316\/revisions"}],"wp:attachment":[{"href":"https:\/\/linitiative.ca\/International\/wp-json\/wp\/v2\/media?parent=152316"}],"wp:term":[{"taxonomy":"category","embeddable":true,"href":"https:\/\/linitiative.ca\/International\/wp-json\/wp\/v2\/categories?post=152316"},{"taxonomy":"post_tag","embeddable":true,"href":"https:\/\/linitiative.ca\/International\/wp-json\/wp\/v2\/tags?post=152316"}],"curies":[{"name":"wp","href":"https:\/\/api.w.org\/{rel}","templated":true}]}}