{"id":152331,"date":"2022-07-12T13:25:51","date_gmt":"2022-07-12T17:25:51","guid":{"rendered":"https:\/\/linitiative.ca\/International\/cooperation-le-cameroun-et-lalgerie-vont-signer-un-accord-dans-le-domaine-du-transport\/"},"modified":"2022-07-12T13:25:51","modified_gmt":"2022-07-12T17:25:51","slug":"cooperation-le-cameroun-et-lalgerie-vont-signer-un-accord-dans-le-domaine-du-transport","status":"publish","type":"post","link":"https:\/\/linitiative.ca\/International\/cooperation-le-cameroun-et-lalgerie-vont-signer-un-accord-dans-le-domaine-du-transport\/","title":{"rendered":"Coop\u00e9ration\u00a0: le Cameroun et l\u2019Alg\u00e9rie vont signer un accord dans le domaine du transport"},"content":{"rendered":"<div>\n<p>L\u2019Alg\u00e9rie et le Cameroun continuent de densifier leur coop\u00e9ration sur le plan \u00e9conomique. Apr\u00e8s avoir \u00e9tabli en juin dernier, un cadre de coop\u00e9ration entre les Chambres d\u2019agriculture respectives, les deux pays vont signer dans les prochaines semaines, un accord dans le domaine du transport. C\u2019est ce qu\u2019a r\u00e9v\u00e9l\u00e9 Boumediene Mahi, l\u2019ambassadeur de l\u2019Alg\u00e9rie au Cameroun, \u00e0 l\u2019issue d\u2019une audience que lui a accord\u00e9e le ministre d\u00e9l\u00e9gu\u00e9 aupr\u00e8s du ministre des Relations Ext\u00e9rieures, F\u00e9lix Mbayu en d\u00e9but de semaine.\u00a0\u00a0\u00abLe ministre et moi sommes en train de travailler, comme depuis mon arriv\u00e9e, pour renforcer la relation entre le Cameroun et l\u2019Alg\u00e9rie. Dans le domaine des transports, un accord sera bient\u00f4t sign\u00e9 entre les deux minist\u00e8res \u00bb, a-t-il confi\u00e9 \u00e0 la presse.<\/p>\n<p><strong>Lire aussi : <a href=\"https:\/\/ecomatin.net\/le-cameroun-et-lalgerie-definissent-des-axes-prioritaires-de-cooperation-economique\/\" target=\"_blank\" rel=\"noreferrer noopener\">Le Cameroun et l\u2019Alg\u00e9rie d\u00e9finissent des axes prioritaires de coop\u00e9ration \u00e9conomique<\/a><\/strong><\/p>\n<p>Les d\u00e9clinaisons de ce nouvel axe de coop\u00e9ration demeurent inconnues. Contact\u00e9 par EcoMatin, les services de communication de l\u2019ambassade d\u2019Alg\u00e9rie ont promptement r\u00e9agi en promettant de nous r\u00e9pondre dans les plus brefs d\u00e9lais. Toutefois, au moment o\u00f9 nous mettions sous presse, aucune r\u00e9ponse ne nous \u00e9tait encore parvenue. Depuis sa prise de fonction \u00e0 Yaound\u00e9, Boumediene Mahi s\u2019est r\u00e9v\u00e9l\u00e9 \u00eatre un infatigable artisan pour le rapprochement entre Yaound\u00e9 et Alger. Lors d\u2019une r\u00e9cente visite\u00a0\u00e0 la\u00a0Chambre\u00a0d\u2019agriculture, des\u00a0p\u00eaches,\u00a0de l\u2019\u00e9levage et des for\u00eats du\u00a0Cameroun, le diplomate a list\u00e9 les diff\u00e9rents domaines \u00a0sur lesquels les deux pourraient s\u2019appuyer pour booster leur coop\u00e9ration. Il a notamment \u00e9voqu\u00e9\u00a0les intrants agricoles (les engrais surtout), le machinisme agricole, la formation. Les projets qui seront d\u00e9velopp\u00e9s dans ces diff\u00e9rents cadres de coop\u00e9ration pr\u00e9\u00e9tablis ne sont pas encore connus. Toutefois, selon des indiscr\u00e9tions capt\u00e9es aupr\u00e8s de sources cr\u00e9dibles, l\u2019Alg\u00e9rie songerait \u00e0 mettre sur pied une usine de fabrication d\u2019engrais sur le territoire national.\u00a0Pour l\u2019heure, le volume des \u00e9changes \u00e9conomiques entre l\u2019Alg\u00e9rie et le Cameroun a doubl\u00e9 durant les trois derni\u00e8res ann\u00e9es pour atteindre pr\u00e8s de 30 milliards de Fcfa.<\/p>\n<p><strong>Lire aussi : <a href=\"https:\/\/ecomatin.net\/evasion-fiscale-le-cameroun-dans-le-top-11-de-lopacite-financiere-en-afrique\/\" target=\"_blank\" rel=\"noreferrer noopener\">\u00c9vasion fiscale\u00a0: le Cameroun dans le Top 11 de l\u2019opacit\u00e9 financi\u00e8re en Afrique<\/a><\/strong><\/p>\n<p>L\u2019article <a rel=\"nofollow\" href=\"https:\/\/ecomatin.net\/cooperation-le-cameroun-et-lalgerie-vont-signer-un-accord-dans-le-domaine-du-transport\/\">Coop\u00e9ration\u00a0: le Cameroun et l\u2019Alg\u00e9rie vont signer un accord dans le domaine du transport<\/a> est apparu en premier sur <a rel=\"nofollow\" href=\"https:\/\/ecomatin.net\/\">EcoMatin<\/a>.<\/p>\n<\/div>\n<p>Auteur: Paul Tjeg<br \/>\n<a href=\"https:\/\/ecomatin.net\/cooperation-le-cameroun-et-lalgerie-vont-signer-un-accord-dans-le-domaine-du-transport\/\">Cliquez ici pour lire l&rsquo;article depuis sa source.<\/a><\/p>\n","protected":false},"excerpt":{"rendered":"<p>L\u2019Alg\u00e9rie et le Cameroun continuent de densifier leur coop\u00e9ration sur le plan \u00e9conomique. Apr\u00e8s avoir \u00e9tabli en juin dernier, un cadre de coop\u00e9ration entre les Chambres d\u2019agriculture respectives, les deux pays vont signer dans les prochaines semaines, un accord dans le domaine du transport. C\u2019est ce qu\u2019a r\u00e9v\u00e9l\u00e9 Boumediene Mahi, l\u2019ambassadeur de l\u2019Alg\u00e9rie au Cameroun, [&hellip;]<\/p>\n","protected":false},"author":1969,"featured_media":0,"comment_status":"closed","ping_status":"closed","sticky":false,"template":"","format":"standard","meta":{"fifu_image_url":"","fifu_image_alt":"","footnotes":""},"categories":[82,78],"tags":[],"class_list":["post-152331","post","type-post","status-publish","format-standard","hentry","category-cameroun","category-economie"],"_links":{"self":[{"href":"https:\/\/linitiative.ca\/International\/wp-json\/wp\/v2\/posts\/152331","targetHints":{"allow":["GET"]}}],"collection":[{"href":"https:\/\/linitiative.ca\/International\/wp-json\/wp\/v2\/posts"}],"about":[{"href":"https:\/\/linitiative.ca\/International\/wp-json\/wp\/v2\/types\/post"}],"author":[{"embeddable":true,"href":"https:\/\/linitiative.ca\/International\/wp-json\/wp\/v2\/users\/1969"}],"replies":[{"embeddable":true,"href":"https:\/\/linitiative.ca\/International\/wp-json\/wp\/v2\/comments?post=152331"}],"version-history":[{"count":0,"href":"https:\/\/linitiative.ca\/International\/wp-json\/wp\/v2\/posts\/152331\/revisions"}],"wp:attachment":[{"href":"https:\/\/linitiative.ca\/International\/wp-json\/wp\/v2\/media?parent=152331"}],"wp:term":[{"taxonomy":"category","embeddable":true,"href":"https:\/\/linitiative.ca\/International\/wp-json\/wp\/v2\/categories?post=152331"},{"taxonomy":"post_tag","embeddable":true,"href":"https:\/\/linitiative.ca\/International\/wp-json\/wp\/v2\/tags?post=152331"}],"curies":[{"name":"wp","href":"https:\/\/api.w.org\/{rel}","templated":true}]}}