{"id":152363,"date":"2022-07-13T12:00:13","date_gmt":"2022-07-13T16:00:13","guid":{"rendered":"https:\/\/linitiative.ca\/International\/assaut-contre-melilia-les-forces-de-lordre-nont-pas-eu-recours-aux-tirs-par-balles\/"},"modified":"2022-07-13T12:00:13","modified_gmt":"2022-07-13T16:00:13","slug":"assaut-contre-melilia-les-forces-de-lordre-nont-pas-eu-recours-aux-tirs-par-balles","status":"publish","type":"post","link":"https:\/\/linitiative.ca\/International\/assaut-contre-melilia-les-forces-de-lordre-nont-pas-eu-recours-aux-tirs-par-balles\/","title":{"rendered":"Assaut contre Melilia: les forces de l\u2019ordre n\u2019ont pas eu recours aux tirs par balles"},"content":{"rendered":"<div>\n<div style=\"margin-bottom:20px;\"><img loading=\"lazy\" decoding=\"async\" width=\"750\" height=\"430\" src=\"https:\/\/linitiative.ca\/International\/wp-content\/uploads\/sites\/23\/2022\/07\/droits-de-lE28099homme-mission-dinformation-bouayach-CNDH-Nador-750C397430-MAP.jpg\" class=\"attachment-post-thumbnail size-post-thumbnail wp-post-image\" alt=\"\" srcset=\"https:\/\/linitiative.ca\/International\/wp-content\/uploads\/sites\/23\/2022\/07\/droits-de-lE28099homme-mission-dinformation-bouayach-CNDH-Nador-750C397430-MAP.jpg 750w, https:\/\/www.mapoujda.ma\/map\/uploads\/2022\/07\/droits-de-l\u2019homme-mission-dinformation-bouayach-CNDH-Nador-750\u00d7430-MAP-300x172.jpg 300w\" sizes=\"auto, (max-width: 750px) 100vw, 750px\"><\/div>\n<p style=\"text-align: justify;\">Les forces de l\u2019ordre marocaines n\u2019ont pas eu recours aux tirs par balles, lors de l\u2019assaut des migrants devant le point de passage entre Nador et Melilia, a assur\u00e9 mercredi \u00e0 Rabat la pr\u00e9sidente du Conseil national des droits de l\u2019Homme (CNDH), Amina Bouayach, affirmant que les d\u00e9c\u00e8s enregistr\u00e9s ont \u00e9t\u00e9 caus\u00e9s par asphyxie m\u00e9canique cons\u00e9cutive \u00e0 la bousculade.<\/p>\n<p style=\"text-align: justify;\">\u00ab\u00a0Les autorit\u00e9s, les associations non gouvernementales ainsi que les migrants bless\u00e9s hospitalis\u00e9s ont tous unanimement soutenu qu\u2019il n\u2019y a pas eu de recours aux balles et que les forces de l\u2019ordre ont utilis\u00e9 des matraques et du gaz lacrymog\u00e8ne\u00a0\u00bb, a-t-elle affirm\u00e9 lors d\u2019un point de presse pour la pr\u00e9sentation du rapport pr\u00e9liminaire de la mission d\u2019information mandat\u00e9e par le CNDH sur l\u2019incident tragique devant le point de passage entre Nador et Melilia.<\/p>\n<p style=\"text-align: justify;\">La pr\u00e9sidente du CNDH a pr\u00e9cis\u00e9 que les d\u00e9c\u00e8s enregistr\u00e9s ont \u00e9t\u00e9 caus\u00e9s par asphyxie m\u00e9canique sur suffocation provoqu\u00e9e par la bousculade et l\u2019agglutination d\u2019un nombre important de victimes, dans un espace herm\u00e9tiquement clos. Les conclusions pr\u00e9liminaires soulignent, a-t-elle relev\u00e9, que l\u2019autopsie demeure la seule voie \u00e0 m\u00eame de v\u00e9rifier avec pr\u00e9cision les causes de d\u00e9c\u00e8s dans chaque cas.<\/p>\n<p style=\"text-align: justify;\">Le nombre de personnes d\u00e9c\u00e9d\u00e9es lors de cet incident est de 23 d\u00e9c\u00e8s, a-elle-dit, ajoutant que parmi elles, cinq sont arriv\u00e9es \u00e0 l\u2019h\u00f4pital en \u00e9tat de mort, alors que le nombre de bless\u00e9s est de 217, dont 77 parmi les migrants et 140 parmi les forces publiques.<\/p>\n<p style=\"text-align: justify;\">Aucune des personnes d\u00e9c\u00e9d\u00e9es lors de la tentative de franchir la cl\u00f4ture n\u2019a \u00e9t\u00e9 enterr\u00e9e, a-t-elle ensuite affirm\u00e9, notant que la mission d\u2019information s\u2019est assur\u00e9e du nombre des corps lors de sa visite \u00e0 la morgue.<\/p>\n<p style=\"text-align: justify;\">La mission compos\u00e9e du pr\u00e9sident de la Commission r\u00e9gionale des droits de l\u2019homme (CRDH) de la r\u00e9gion de l\u2019Oriental, du pr\u00e9sident de la CRDH du Souss-Massa, du directeur de la protection et du monitoring du CNDH et d\u2019un m\u00e9decin, membre de cette commission, a collect\u00e9 des donn\u00e9es et a recueilli les faits et les informations concernant ces incidents.<\/p>\n<p>L\u2019article <a rel=\"nofollow\" href=\"https:\/\/www.mapoujda.ma\/fr\/assaut-contre-melilia-les-forces-de-lordre-nont-pas-eu-recours-aux-tirs-par-balles\/\">Assaut contre Melilia: les forces de l\u2019ordre n\u2019ont pas eu recours aux tirs par balles<\/a> est apparu en premier sur <a rel=\"nofollow\" href=\"https:\/\/www.mapoujda.ma\/fr\">MapOujda<\/a>.<\/p>\n<\/div>\n<p>Auteur: Soufiane ELAHMAR<br \/>\n<a href=\"https:\/\/www.mapoujda.ma\/fr\/assaut-contre-melilia-les-forces-de-lordre-nont-pas-eu-recours-aux-tirs-par-balles\/\">Cliquez ici pour lire l&rsquo;article depuis sa source.<\/a><\/p>\n","protected":false},"excerpt":{"rendered":"<p>Les forces de l\u2019ordre marocaines n\u2019ont pas eu recours aux tirs par balles, lors de l\u2019assaut des migrants devant le point de passage entre Nador et Melilia, a assur\u00e9 mercredi \u00e0 Rabat la pr\u00e9sidente du Conseil national des droits de l\u2019Homme (CNDH), Amina Bouayach, affirmant que les d\u00e9c\u00e8s enregistr\u00e9s ont \u00e9t\u00e9 caus\u00e9s par asphyxie m\u00e9canique [&hellip;]<\/p>\n","protected":false},"author":1788,"featured_media":0,"comment_status":"closed","ping_status":"closed","sticky":false,"template":"","format":"standard","meta":{"fifu_image_url":"https:\/\/www.mapoujda.ma\/map\/uploads\/2022\/07\/droits-de-l\u2019homme-mission-dinformation-bouayach-CNDH-Nador-750\u00d7430-MAP.jpg","fifu_image_alt":"Assaut contre Melilia: les forces de l\u2019ordre n\u2019ont pas eu recours aux tirs par balles","footnotes":""},"categories":[54,76],"tags":[],"class_list":["post-152363","post","type-post","status-publish","format-standard","hentry","category-maroc","category-regions"],"_links":{"self":[{"href":"https:\/\/linitiative.ca\/International\/wp-json\/wp\/v2\/posts\/152363","targetHints":{"allow":["GET"]}}],"collection":[{"href":"https:\/\/linitiative.ca\/International\/wp-json\/wp\/v2\/posts"}],"about":[{"href":"https:\/\/linitiative.ca\/International\/wp-json\/wp\/v2\/types\/post"}],"author":[{"embeddable":true,"href":"https:\/\/linitiative.ca\/International\/wp-json\/wp\/v2\/users\/1788"}],"replies":[{"embeddable":true,"href":"https:\/\/linitiative.ca\/International\/wp-json\/wp\/v2\/comments?post=152363"}],"version-history":[{"count":0,"href":"https:\/\/linitiative.ca\/International\/wp-json\/wp\/v2\/posts\/152363\/revisions"}],"wp:attachment":[{"href":"https:\/\/linitiative.ca\/International\/wp-json\/wp\/v2\/media?parent=152363"}],"wp:term":[{"taxonomy":"category","embeddable":true,"href":"https:\/\/linitiative.ca\/International\/wp-json\/wp\/v2\/categories?post=152363"},{"taxonomy":"post_tag","embeddable":true,"href":"https:\/\/linitiative.ca\/International\/wp-json\/wp\/v2\/tags?post=152363"}],"curies":[{"name":"wp","href":"https:\/\/api.w.org\/{rel}","templated":true}]}}