{"id":152366,"date":"2022-07-12T11:07:38","date_gmt":"2022-07-12T15:07:38","guid":{"rendered":"https:\/\/linitiative.ca\/International\/skikda-recuperation-des-equipements-de-communications-et-telecommunications-de-la-periode-coloniale\/"},"modified":"2022-07-12T11:07:38","modified_gmt":"2022-07-12T15:07:38","slug":"skikda-recuperation-des-equipements-de-communications-et-telecommunications-de-la-periode-coloniale","status":"publish","type":"post","link":"https:\/\/linitiative.ca\/International\/skikda-recuperation-des-equipements-de-communications-et-telecommunications-de-la-periode-coloniale\/","title":{"rendered":"Skikda: r\u00e9cup\u00e9ration des \u00e9quipements de communications et t\u00e9l\u00e9communications de la p\u00e9riode coloniale"},"content":{"rendered":"<div>\n<div class=\"K2FeedImage\"><img decoding=\"async\" src=\"https:\/\/linitiative.ca\/International\/wp-content\/uploads\/sites\/23\/2022\/07\/03b37e6b7dcec636bd7c740bd3d087cb_S.jpg\" alt=\"Skikda: r\u00e9cup\u00e9ration des \u00e9quipements de communications et t\u00e9l\u00e9communications de la p\u00e9riode coloniale\"><\/div>\n<div class=\"K2FeedIntroText\">\n<p><strong>SKIKDA- Le mus\u00e9e r\u00e9gional du Moudjahid \u00ab\u00a0colonel Ali Kafi\u00a0\u00bb de Skikda a r\u00e9cup\u00e9r\u00e9 des pi\u00e8ces d\u2019\u00e9quipements de communications et de t\u00e9l\u00e9communications, utilis\u00e9s pendant la guerre de lib\u00e9ration nationale, a-t-on appris mardi aupr\u00e8s de la directrice du mus\u00e9e.<\/strong><\/p>\n<\/div>\n<div class=\"K2FeedFullText\">\n<p>Ces \u00e9quipements ont \u00e9t\u00e9 remis par la Direction de la Poste et t\u00e9l\u00e9communications de la wilaya de Skikda au mus\u00e9e comme don \u00e0 l\u2019occasion de la c\u00e9l\u00e9bration du soixantenaire de l\u2019ind\u00e9pendance et du recouvrement de la souverainet\u00e9 nationale (1962-2022), a pr\u00e9cis\u00e9 Samia Berber \u00e0 l\u2019APS.<\/p>\n<p>Ces \u00e9quipements sont des pi\u00e8ces d\u2019appareils de communications et de t\u00e9l\u00e9communications et une ancienne machine \u00e0 \u00e9crire utilis\u00e9e pendant l\u2019\u00e9poque de la colonisation fran\u00e7aise en Alg\u00e9rie, a ajout\u00e9 la m\u00eame responsable.<\/p>\n<p>Selon la m\u00eame responsable, il sera proc\u00e9d\u00e9 \u00e0 l\u2019occasion de la r\u00e9cup\u00e9ration de ces \u00e9quipements, \u00e0 l\u2019am\u00e9nagement d\u2019un pavillon consacr\u00e9 aux communications et t\u00e9l\u00e9communications pendant la guerre de lib\u00e9ration nationale, au niveau du mus\u00e9e r\u00e9gional du Moudjahid, ce qui repr\u00e9sente, dit-elle, un plus \u00ab\u00a0tr\u00e8s important\u00a0\u00bb pour l\u2019infrastructure.<\/p>\n<p>La m\u00eame responsable a \u00e9galement affirm\u00e9 que la Direction de ce mus\u00e9e, situ\u00e9 \u00e0 la cit\u00e9 Hocine Louzat en face de la gare routi\u00e8re de la ville de Skikda, \u0153uvre \u00e0 r\u00e9cup\u00e9rer le maximum de documents et d\u2019archives remontant \u00e0 l\u2019\u00e9poque coloniale, faisant \u00e9tat dans ce contexte de la collecte, depuis 2016, d\u2019environ 200 documents originaux et de copies d&rsquo;archives locales.<\/p>\n<p>Cela, en plus de copies de documents d&rsquo;archives fran\u00e7aises, \u00e0 savoir des journaux en langue fran\u00e7aise, des rapports de l\u2019arm\u00e9e coloniale et d\u2019autres de la police judiciaire fran\u00e7aise datant de l\u2019\u00e9poque coloniale, des PV d\u2019arrestation et des mandats de recherche ciblant des militants alg\u00e9riens, en plus d\u2019attestations d\u2019incarc\u00e9ration et de d\u00e9tention et des rapports sur la r\u00e9sistance de Si Zaghdoud.<\/p>\n<\/div>\n<\/div>\n<p>Auteur:<br \/>\n<a href=\"http:\/\/www.aps.dz\/regions\/142769-skikda-le-musee-regional-du-moudjahid-recupere-des-equipements-de-communications-et-de-telecommunications-datant-de-la-periode-coloniale\">Cliquez ici pour lire l&rsquo;article depuis sa source.<\/a><\/p>\n","protected":false},"excerpt":{"rendered":"<p>SKIKDA- Le mus\u00e9e r\u00e9gional du Moudjahid \u00ab\u00a0colonel Ali Kafi\u00a0\u00bb de Skikda a r\u00e9cup\u00e9r\u00e9 des pi\u00e8ces d\u2019\u00e9quipements de communications et de t\u00e9l\u00e9communications, utilis\u00e9s pendant la guerre de lib\u00e9ration nationale, a-t-on appris mardi aupr\u00e8s de la directrice du mus\u00e9e. Ces \u00e9quipements ont \u00e9t\u00e9 remis par la Direction de la Poste et t\u00e9l\u00e9communications de la wilaya de Skikda [&hellip;]<\/p>\n","protected":false},"author":1790,"featured_media":0,"comment_status":"closed","ping_status":"closed","sticky":false,"template":"","format":"standard","meta":{"fifu_image_url":"http:\/\/www.aps.dz\/media\/k2\/items\/cache\/03b37e6b7dcec636bd7c740bd3d087cb_S.jpg","fifu_image_alt":"Skikda: r\u00e9cup\u00e9ration des \u00e9quipements de communications et t\u00e9l\u00e9communications de la p\u00e9riode coloniale","footnotes":""},"categories":[53,76],"tags":[],"class_list":["post-152366","post","type-post","status-publish","format-standard","hentry","category-algerie","category-regions"],"_links":{"self":[{"href":"https:\/\/linitiative.ca\/International\/wp-json\/wp\/v2\/posts\/152366","targetHints":{"allow":["GET"]}}],"collection":[{"href":"https:\/\/linitiative.ca\/International\/wp-json\/wp\/v2\/posts"}],"about":[{"href":"https:\/\/linitiative.ca\/International\/wp-json\/wp\/v2\/types\/post"}],"author":[{"embeddable":true,"href":"https:\/\/linitiative.ca\/International\/wp-json\/wp\/v2\/users\/1790"}],"replies":[{"embeddable":true,"href":"https:\/\/linitiative.ca\/International\/wp-json\/wp\/v2\/comments?post=152366"}],"version-history":[{"count":0,"href":"https:\/\/linitiative.ca\/International\/wp-json\/wp\/v2\/posts\/152366\/revisions"}],"wp:attachment":[{"href":"https:\/\/linitiative.ca\/International\/wp-json\/wp\/v2\/media?parent=152366"}],"wp:term":[{"taxonomy":"category","embeddable":true,"href":"https:\/\/linitiative.ca\/International\/wp-json\/wp\/v2\/categories?post=152366"},{"taxonomy":"post_tag","embeddable":true,"href":"https:\/\/linitiative.ca\/International\/wp-json\/wp\/v2\/tags?post=152366"}],"curies":[{"name":"wp","href":"https:\/\/api.w.org\/{rel}","templated":true}]}}