{"id":152368,"date":"2022-07-12T13:59:53","date_gmt":"2022-07-12T17:59:53","guid":{"rendered":"https:\/\/linitiative.ca\/International\/mostaganem-necessite-de-lexploitation-commerciale-du-tramway-avant-fin-2022\/"},"modified":"2022-07-12T13:59:53","modified_gmt":"2022-07-12T17:59:53","slug":"mostaganem-necessite-de-lexploitation-commerciale-du-tramway-avant-fin-2022","status":"publish","type":"post","link":"https:\/\/linitiative.ca\/International\/mostaganem-necessite-de-lexploitation-commerciale-du-tramway-avant-fin-2022\/","title":{"rendered":"Mostaganem: n\u00e9cessit\u00e9 de l\u2019exploitation commerciale du tramway avant fin 2022"},"content":{"rendered":"<div>\n<div class=\"K2FeedImage\"><img decoding=\"async\" src=\"https:\/\/linitiative.ca\/International\/wp-content\/uploads\/sites\/23\/2022\/07\/55c525faa960485f042ef03f07d0aec9_S.jpg\" alt=\"Mostaganem: n\u00e9cessit\u00e9 de l\u2019exploitation commerciale du tramway avant fin 2022\"><\/div>\n<div class=\"K2FeedIntroText\">\n<p><strong>MOSTAGANEM &#8211; Le ministre des Transports Abdallah Moundji a soulign\u00e9 mardi \u00e0 Mostaganem la n\u00e9cessit\u00e9 de l\u2019exploitation commerciale du tramway de la ville avant la fin de l\u2019ann\u00e9e 2022.<\/strong><\/p>\n<\/div>\n<div class=\"K2FeedFullText\">\n<p>Dans une d\u00e9claration \u00e0 la presse, lors d&rsquo;une visite de travail et d&rsquo;inspection \u00e0 la wilaya, M. Moundji a soulign\u00e9 qu'\u00a0\u00bbil y avait un probl\u00e8me financier avec la partie \u00e9trang\u00e8re et, sur instruction du Pr\u00e9sident de la R\u00e9publique M. Abdelmadjid Tebboune, le Premier ministre a veill\u00e9 \u00e0 ce que ce probl\u00e8me soit r\u00e9solu en octroyant au minist\u00e8re des Transports une enveloppe financi\u00e8re pour prendre en charge une partie des dettes\u00a0\u00bb.<\/p>\n<p>\u00ab\u00a0Avec la prise en charge d\u2019une part importante de la dette, la partie \u00e9trang\u00e8re doit s&rsquo;engager \u00e0 rejoindre le projet et \u00e0 d\u00e9marrer les travaux selon des d\u00e9lais qui seront d\u00e9termin\u00e9s par la commission technique\u00a0\u00bb, a indiqu\u00e9 M. Moudji, notant que son d\u00e9partement minist\u00e9riel a \u00e9labor\u00e9 deux plans pour la prise en charge du projet et de le remettre aux citoyens en cas de non-engagement.<\/p>\n<p>Le ministre, qui \u00e9tait accompagn\u00e9 des directeurs centraux et des responsables des soci\u00e9t\u00e9s nationales de r\u00e9alisation (m\u00e9tro d\u2019Alger, Cosider, Alstom), a inspect\u00e9 le centre de contr\u00f4le et de surveillance du tramway de Salamandre, o\u00f9 il a instruit les responsables de la n\u00e9cessit\u00e9 de lancer le programme de formation et d\u2019utiliser les \u00e9nergies renouvelables.<\/p>\n<ol start=\"40\">\n<li>Moundji s&rsquo;est d\u00e9plac\u00e9 par tramway -construit localement \u00e0 l&rsquo;usine Cital d\u2019Annaba- de Salamandre \u00e0 Kharouba, sur 12 km, en passant par le centre-ville (la premi\u00e8re ligne), tout en inspectant le projet devant transporter 40.000 personnes par jour.<\/li>\n<\/ol>\n<p>Le ministre des Transports a \u00e9galement inspect\u00e9 le port de commerce de Mostaganem, avant d\u2019instruire les responsables locaux de traiter le probl\u00e8me d\u2019envasement et de s&rsquo;orienter vers une nouvelle approche de la gestion portuaire \u00e0 travers la sp\u00e9cialisation et la r\u00e9alisation du troisi\u00e8me bassin en partenariat avec des investisseurs.<\/p>\n<p>Il a indiqu\u00e9 que son d\u00e9partement minist\u00e9riel travaille \u00e0 mettre en \u0153uvre un nouveau mode de gestion portuaire en mati\u00e8re de management.<\/p>\n<p>Abdallah Moundji a ajout\u00e9 que la wilaya de Mostaganem dispose d&rsquo;un port qui est consid\u00e9r\u00e9 comme l&rsquo;un des p\u00f4les portuaires les plus importants au niveau national et disposera, selon une vision de sp\u00e9cialisation des ports dans une activit\u00e9 d\u00e9termin\u00e9, d&rsquo;un p\u00f4le portuaire sp\u00e9cialis\u00e9.<\/p>\n<p>Concernant la liaison entre le port de Mostaganem et le chemin de fer, le ministre a soulign\u00e9 que la r\u00e9alisation des projets structurants de chemin de fer \u00ab\u00a0est devenue une priorit\u00e9 en raison de l&rsquo;avantage de ce syst\u00e8me et de sa grande contribution \u00e0 la relance \u00e9conomique\u00a0\u00bb.<\/p>\n<p>Apr\u00e8s avoir \u00e9cout\u00e9 une pr\u00e9sentation de l&rsquo;Agence nationale d&rsquo;\u00e9tudes et de suivi de la r\u00e9alisation des investissements dans les chemins de fer, M. Moundji a soulign\u00e9 que la r\u00e9alisation de la ligne Mostaganem-Relizane est vitale, notamment dans le domaine du transport de marchandises, mais se fera selon les capacit\u00e9s financi\u00e8res, rationnellement et par \u00e9tapes.<\/p>\n<p>Alors qu&rsquo;il inspectait la gare ferroviaire de la ville de Mostaganem, le ministre a appel\u00e9 les entreprises nationales \u00e0 adopter des programmes de transport, que ce soit \u00e0 travers l&rsquo;exploitation de l&rsquo;infrastructure ferroviaire ou le programme national d&rsquo;implantation de bases logistiques, rappelant l&rsquo;int\u00e9r\u00eat de l&rsquo;Etat \u00e0 d\u00e9velopper le transport par chemin de fer.<\/p>\n<p>Lors de l&rsquo;inspection de l&rsquo;a\u00e9rodrome de Sayada, le ministre a instruit les responsables concern\u00e9s d&rsquo;utiliser cette installation, tout en leur accordant un d\u00e9lai de six mois pour d\u00e9marrer l&rsquo;activit\u00e9 au prorata de celle-ci, notamment dans le domaine de la formation au pilotage, de l&rsquo;\u00e9vacuation sanitaire et de la poste a\u00e9rienne, ainsi que l\u2019\u00e9tude de la possibilit\u00e9 d&rsquo;agrandir la piste de 1.500 m\u00e8tres actuellement \u00e0 1.800 m\u00e8tres.<\/p>\n<p>\u00a0<\/p>\n<p>\u00a0<\/p>\n<p>\u00a0 \u00a0 \u00a0 \u00a0 \u00a0 \u00a0 \u00a0 \u00a0 \u00a0 \u00a0 \u00a0 \u00a0 \u00a0 \u00a0 \u00a0 \u00a0 \u00a0\u00a0<img decoding=\"async\" src=\"https:\/\/linitiative.ca\/International\/wp-content\/uploads\/sites\/23\/2022\/07\/tramway_mostaganem2.jpg\" alt=\"\"><\/p>\n<p>\u00a0<\/p>\n<\/div>\n<\/div>\n<p>Auteur:<br \/>\n<a href=\"http:\/\/www.aps.dz\/regions\/142782-mostaganem-necessite-de-l-exploitation-commerciale-du-tramway-avant-fin-2022\">Cliquez ici pour lire l&rsquo;article depuis sa source.<\/a><\/p>\n","protected":false},"excerpt":{"rendered":"<p>MOSTAGANEM &#8211; Le ministre des Transports Abdallah Moundji a soulign\u00e9 mardi \u00e0 Mostaganem la n\u00e9cessit\u00e9 de l\u2019exploitation commerciale du tramway de la ville avant la fin de l\u2019ann\u00e9e 2022. Dans une d\u00e9claration \u00e0 la presse, lors d&rsquo;une visite de travail et d&rsquo;inspection \u00e0 la wilaya, M. Moundji a soulign\u00e9 qu&rsquo;\u00a0\u00bbil y avait un probl\u00e8me financier [&hellip;]<\/p>\n","protected":false},"author":1790,"featured_media":0,"comment_status":"closed","ping_status":"closed","sticky":false,"template":"","format":"standard","meta":{"fifu_image_url":"http:\/\/www.aps.dz\/media\/k2\/items\/cache\/55c525faa960485f042ef03f07d0aec9_S.jpg","fifu_image_alt":"Mostaganem: n\u00e9cessit\u00e9 de l\u2019exploitation commerciale du tramway avant fin 2022","footnotes":""},"categories":[53,76],"tags":[],"class_list":["post-152368","post","type-post","status-publish","format-standard","hentry","category-algerie","category-regions"],"_links":{"self":[{"href":"https:\/\/linitiative.ca\/International\/wp-json\/wp\/v2\/posts\/152368","targetHints":{"allow":["GET"]}}],"collection":[{"href":"https:\/\/linitiative.ca\/International\/wp-json\/wp\/v2\/posts"}],"about":[{"href":"https:\/\/linitiative.ca\/International\/wp-json\/wp\/v2\/types\/post"}],"author":[{"embeddable":true,"href":"https:\/\/linitiative.ca\/International\/wp-json\/wp\/v2\/users\/1790"}],"replies":[{"embeddable":true,"href":"https:\/\/linitiative.ca\/International\/wp-json\/wp\/v2\/comments?post=152368"}],"version-history":[{"count":0,"href":"https:\/\/linitiative.ca\/International\/wp-json\/wp\/v2\/posts\/152368\/revisions"}],"wp:attachment":[{"href":"https:\/\/linitiative.ca\/International\/wp-json\/wp\/v2\/media?parent=152368"}],"wp:term":[{"taxonomy":"category","embeddable":true,"href":"https:\/\/linitiative.ca\/International\/wp-json\/wp\/v2\/categories?post=152368"},{"taxonomy":"post_tag","embeddable":true,"href":"https:\/\/linitiative.ca\/International\/wp-json\/wp\/v2\/tags?post=152368"}],"curies":[{"name":"wp","href":"https:\/\/api.w.org\/{rel}","templated":true}]}}