{"id":152373,"date":"2022-07-13T11:38:27","date_gmt":"2022-07-13T15:38:27","guid":{"rendered":"https:\/\/linitiative.ca\/International\/oran-projet-damenagement-du-site-de-murdjadjou\/"},"modified":"2022-07-13T11:38:27","modified_gmt":"2022-07-13T15:38:27","slug":"oran-projet-damenagement-du-site-de-murdjadjou","status":"publish","type":"post","link":"https:\/\/linitiative.ca\/International\/oran-projet-damenagement-du-site-de-murdjadjou\/","title":{"rendered":"Oran: projet d\u2019am\u00e9nagement du site de Murdjadjou"},"content":{"rendered":"<div>\n<div class=\"K2FeedImage\"><img decoding=\"async\" src=\"https:\/\/linitiative.ca\/International\/wp-content\/uploads\/sites\/23\/2022\/07\/2754cab0cd1c521e8483a8f612202b48_S.jpg\" alt=\"Oran: projet d\u2019am\u00e9nagement du site de Murdjadjou\"><\/div>\n<div class=\"K2FeedIntroText\">\n<p><strong>ORAN- La commune d\u2019Oran vient de b\u00e9n\u00e9ficier d\u2019un projet d\u2019am\u00e9nagement du site historique et touristique de Murdjadjou, sur les hauteurs de la ville, a-t-on appris, mercredi, du Pr\u00e9sident de l\u2019APC, Amine Allouche.<\/strong><\/p>\n<\/div>\n<div class=\"K2FeedFullText\">\n<p>M.Allouche a indiqu\u00e9 \u00e0 l\u2019APS que le projet a \u00e9t\u00e9 annonc\u00e9 par le wali d\u2019Oran, Sa\u00efd Sayoud, mardi lors de la deuxi\u00e8me session ordinaire de l\u2019APW, pr\u00e9cisant qu\u2019une \u00e9tude sera lanc\u00e9e prochainement sur les formules d\u2019am\u00e9nagement propos\u00e9es de l\u2019int\u00e9gralit\u00e9 du site, \u00e0 partir du quartier de Sidi El-Houari jusqu\u2019\u00e0 la mosqu\u00e9e \u00ab\u00a0Cheikh Abdelkader Djillani\u00a0\u00bb, sur une hauteur de 500 m\u00e8tres et une distance globale d\u2019environ 5 km.<\/p>\n<p>L\u2019op\u00e9ration d\u2019am\u00e9nagement comprendra la r\u00e9alisation des sites d\u2019arr\u00eat et de repos, la fourniture de services le long de l\u2019itin\u00e9raire, la plantation d\u2019arbres, la densification de la couverture v\u00e9g\u00e9tale, l\u2019am\u00e9nagement du p\u00e9rim\u00e8tre de la citadelle de Santa Cruz, l\u2019\u00e9glise de la vierge et la mosqu\u00e9e de Cheikh Abdelkader Djillani.<\/p>\n<p>Ce lieu de culte a \u00e9t\u00e9 r\u00e9alis\u00e9 sur les lieux o\u00f9 les \u00e9tudiants de la zaou\u00efa coranique se relayaient, lors des batailles de lib\u00e9ration de la ville d\u2019Oran contre l\u2019occupation espagnole rappelle-t-on.Le site de Murdjadjou offre une vue imprenable de la ville d&rsquo;Oran et de son littoral. C\u2019est un lieu de loisirs gr\u00e2ce \u00e0 ses espaces verts et ses sentiers p\u00e9destres, \u00e0 l&rsquo;abri des bruits de la ville, sans compter l\u2019int\u00e9r\u00eat que lui portent les chercheurs en histoire.<\/p>\n<p>Selon le Pr\u00e9sident de l\u2019APC d\u2019Oran, il est \u00e9galement pr\u00e9vu que le t\u00e9l\u00e9ph\u00e9rique, assurant la liaison entre le centre-ville et le sommet du Murdjadjou et en cours de r\u00e9novation, facilitera l&rsquo;acc\u00e8s des visiteurs \u00e0 ce site historique et touristique.\u00a0<\/p>\n<\/div>\n<\/div>\n<p>Auteur:<br \/>\n<a href=\"http:\/\/www.aps.dz\/regions\/142803-oran-projet-d-amenagement-du-site-de-murdjadjou\">Cliquez ici pour lire l&rsquo;article depuis sa source.<\/a><\/p>\n","protected":false},"excerpt":{"rendered":"<p>ORAN- La commune d\u2019Oran vient de b\u00e9n\u00e9ficier d\u2019un projet d\u2019am\u00e9nagement du site historique et touristique de Murdjadjou, sur les hauteurs de la ville, a-t-on appris, mercredi, du Pr\u00e9sident de l\u2019APC, Amine Allouche. M.Allouche a indiqu\u00e9 \u00e0 l\u2019APS que le projet a \u00e9t\u00e9 annonc\u00e9 par le wali d\u2019Oran, Sa\u00efd Sayoud, mardi lors de la deuxi\u00e8me session [&hellip;]<\/p>\n","protected":false},"author":1790,"featured_media":0,"comment_status":"closed","ping_status":"closed","sticky":false,"template":"","format":"standard","meta":{"fifu_image_url":"http:\/\/www.aps.dz\/media\/k2\/items\/cache\/2754cab0cd1c521e8483a8f612202b48_S.jpg","fifu_image_alt":"Oran: projet d\u2019am\u00e9nagement du site de Murdjadjou","footnotes":""},"categories":[53,76],"tags":[],"class_list":["post-152373","post","type-post","status-publish","format-standard","hentry","category-algerie","category-regions"],"_links":{"self":[{"href":"https:\/\/linitiative.ca\/International\/wp-json\/wp\/v2\/posts\/152373","targetHints":{"allow":["GET"]}}],"collection":[{"href":"https:\/\/linitiative.ca\/International\/wp-json\/wp\/v2\/posts"}],"about":[{"href":"https:\/\/linitiative.ca\/International\/wp-json\/wp\/v2\/types\/post"}],"author":[{"embeddable":true,"href":"https:\/\/linitiative.ca\/International\/wp-json\/wp\/v2\/users\/1790"}],"replies":[{"embeddable":true,"href":"https:\/\/linitiative.ca\/International\/wp-json\/wp\/v2\/comments?post=152373"}],"version-history":[{"count":0,"href":"https:\/\/linitiative.ca\/International\/wp-json\/wp\/v2\/posts\/152373\/revisions"}],"wp:attachment":[{"href":"https:\/\/linitiative.ca\/International\/wp-json\/wp\/v2\/media?parent=152373"}],"wp:term":[{"taxonomy":"category","embeddable":true,"href":"https:\/\/linitiative.ca\/International\/wp-json\/wp\/v2\/categories?post=152373"},{"taxonomy":"post_tag","embeddable":true,"href":"https:\/\/linitiative.ca\/International\/wp-json\/wp\/v2\/tags?post=152373"}],"curies":[{"name":"wp","href":"https:\/\/api.w.org\/{rel}","templated":true}]}}