{"id":152392,"date":"2022-07-13T05:00:00","date_gmt":"2022-07-13T09:00:00","guid":{"rendered":"https:\/\/linitiative.ca\/International\/kais-saied-et-le-coup-dapres-qui-redigera-les-projets-de-decrets-lois-sur-les-elections-les-partis-et-les-associations\/"},"modified":"2022-07-13T05:00:00","modified_gmt":"2022-07-13T09:00:00","slug":"kais-saied-et-le-coup-dapres-qui-redigera-les-projets-de-decrets-lois-sur-les-elections-les-partis-et-les-associations","status":"publish","type":"post","link":"https:\/\/linitiative.ca\/International\/kais-saied-et-le-coup-dapres-qui-redigera-les-projets-de-decrets-lois-sur-les-elections-les-partis-et-les-associations\/","title":{"rendered":"Kais Sa\u00efed et le coup d\u2019apr\u00e8s : Qui r\u00e9digera les projets de d\u00e9crets-lois sur les \u00e9lections, les partis et les associations ?"},"content":{"rendered":"<div><img decoding=\"async\" src=\"https:\/\/linitiative.ca\/International\/wp-content\/uploads\/sites\/23\/2022\/07\/1657621226_article.jpg\" alt=\"Kais Sa\u00efed et le coup d\u2019apr\u00e8s : Qui r\u00e9digera les projets de d\u00e9crets-lois sur les \u00e9lections, les partis et les associations ?\" align=\"left\">Maintenant que le projet d\u2019une nouvelle constitution est lanc\u00e9 dans le pipe, pour le r\u00e9f\u00e9rendum de ce 25 juillet, trois autres lois majeures seront bient\u00f4t mises en r\u00e9vision. Il s\u2019agit de :\u00a0<\/p>\n<p>    la Loi organique n\u00b0 2014-16 du 26 mai 2014, relative aux \u00e9lections et aux r\u00e9f\u00e9rendums<br \/>\n    le D\u00e9cret-loi n\u00b0 2011-87 du 24 septembre 2011 organisant les partis politiques<br \/>\n    et le D\u00e9cret-loi n\u00b0 2011-88 du 24 septembre 2011, portant organisation des associations.<\/p>\n<p>Trois textes fondateurs qui, une fois amend\u00e9s, d\u00e9termineront l\u2019\u00e9volution du processus politique en Tunisie. Les enjeux sont de taille et ne sauraient se soustraire \u00e0 un large d\u00e9bat public.<br \/>\nInitialement, &#8230;<\/p>\n<\/div>\n<p>Auteur:<br \/>\n<a href=\"https:\/\/www.leaders.com.tn\/article\/33601-kais-saied-et-le-coup-d-apres-qui-redigera-les-projets-de-decrets-lois-sur-les-elections-les-partis-et-les-associations\">Cliquez ici pour lire l&rsquo;article depuis sa source.<\/a><\/p>\n","protected":false},"excerpt":{"rendered":"<p>Maintenant que le projet d\u2019une nouvelle constitution est lanc\u00e9 dans le pipe, pour le r\u00e9f\u00e9rendum de ce 25 juillet, trois autres lois majeures seront bient\u00f4t mises en r\u00e9vision. Il s\u2019agit de :\u00a0 la Loi organique n\u00b0 2014-16 du 26 mai 2014, relative aux \u00e9lections et aux r\u00e9f\u00e9rendums le D\u00e9cret-loi n\u00b0 2011-87 du 24 septembre 2011 [&hellip;]<\/p>\n","protected":false},"author":1772,"featured_media":0,"comment_status":"closed","ping_status":"closed","sticky":false,"template":"","format":"standard","meta":{"fifu_image_url":"http:\/\/www.leaders.com.tn\/uploads\/content\/thumbnails_small\/1657621226_article.jpg","fifu_image_alt":"Kais Sa\u00efed et le coup d\u2019apr\u00e8s : Qui r\u00e9digera les projets de d\u00e9crets-lois sur les \u00e9lections, les partis et les associations ?","footnotes":""},"categories":[73,55],"tags":[],"class_list":["post-152392","post","type-post","status-publish","format-standard","hentry","category-actualite","category-tunisie"],"_links":{"self":[{"href":"https:\/\/linitiative.ca\/International\/wp-json\/wp\/v2\/posts\/152392","targetHints":{"allow":["GET"]}}],"collection":[{"href":"https:\/\/linitiative.ca\/International\/wp-json\/wp\/v2\/posts"}],"about":[{"href":"https:\/\/linitiative.ca\/International\/wp-json\/wp\/v2\/types\/post"}],"author":[{"embeddable":true,"href":"https:\/\/linitiative.ca\/International\/wp-json\/wp\/v2\/users\/1772"}],"replies":[{"embeddable":true,"href":"https:\/\/linitiative.ca\/International\/wp-json\/wp\/v2\/comments?post=152392"}],"version-history":[{"count":0,"href":"https:\/\/linitiative.ca\/International\/wp-json\/wp\/v2\/posts\/152392\/revisions"}],"wp:attachment":[{"href":"https:\/\/linitiative.ca\/International\/wp-json\/wp\/v2\/media?parent=152392"}],"wp:term":[{"taxonomy":"category","embeddable":true,"href":"https:\/\/linitiative.ca\/International\/wp-json\/wp\/v2\/categories?post=152392"},{"taxonomy":"post_tag","embeddable":true,"href":"https:\/\/linitiative.ca\/International\/wp-json\/wp\/v2\/tags?post=152392"}],"curies":[{"name":"wp","href":"https:\/\/api.w.org\/{rel}","templated":true}]}}