{"id":152410,"date":"2022-07-13T15:25:21","date_gmt":"2022-07-13T19:25:21","guid":{"rendered":"https:\/\/linitiative.ca\/International\/tunisie-kasserine-arrestation-dun-cadre-et-dun-mecanicien-de-la-societe-regionale-des-transports-pour-vol-de-pieces-detachees\/"},"modified":"2022-07-13T15:25:21","modified_gmt":"2022-07-13T19:25:21","slug":"tunisie-kasserine-arrestation-dun-cadre-et-dun-mecanicien-de-la-societe-regionale-des-transports-pour-vol-de-pieces-detachees","status":"publish","type":"post","link":"https:\/\/linitiative.ca\/International\/tunisie-kasserine-arrestation-dun-cadre-et-dun-mecanicien-de-la-societe-regionale-des-transports-pour-vol-de-pieces-detachees\/","title":{"rendered":"Tunisie \u2013 Kasserine\u00a0: Arrestation d\u2019un cadre et d\u2019un m\u00e9canicien de la soci\u00e9t\u00e9 r\u00e9gionale des transports pour vol de pi\u00e8ces d\u00e9tach\u00e9es"},"content":{"rendered":"<div>\n<p>Le porte parole du district de police de Kasserine a annonc\u00e9, ce mercredi, l\u2019arrestation d\u2019un cadre et d\u2019un m\u00e9canicien de la soci\u00e9t\u00e9 r\u00e9gionale des transports, pour vol de pi\u00e8ces d\u00e9tach\u00e9es des entrep\u00f4ts de la soci\u00e9t\u00e9. L\u2019affaire a commenc\u00e9 par la plainte du repr\u00e9sentant l\u00e9gal de la soci\u00e9t\u00e9 pour vol de pi\u00e8ces d\u00e9tach\u00e9es, d\u2019une valeur de [\u2026]<\/p>\n<p>L\u2019article <a href=\"https:\/\/www.tunisienumerique.com\/tunisie-kasserine-arrestation-dun-cadre-et-dun-mecanicien-de-la-societe-regionale-des-transports-pour-vol-de-pieces-detachees\/\">Tunisie \u2013 Kasserine\u00a0: Arrestation d\u2019un cadre et d\u2019un m\u00e9canicien de la soci\u00e9t\u00e9 r\u00e9gionale des transports pour vol de pi\u00e8ces d\u00e9tach\u00e9es<\/a> est apparu en premier sur <a href=\"http:\/\/www.tunisienumerique.com\/\">Tunisie<\/a>.<\/p>\n<\/div>\n<p>Auteur: LM<br \/>\n<a href=\"https:\/\/www.tunisienumerique.com\/tunisie-kasserine-arrestation-dun-cadre-et-dun-mecanicien-de-la-societe-regionale-des-transports-pour-vol-de-pieces-detachees\/\">Cliquez ici pour lire l&rsquo;article depuis sa source.<\/a><\/p>\n","protected":false},"excerpt":{"rendered":"<p>Le porte parole du district de police de Kasserine a annonc\u00e9, ce mercredi, l\u2019arrestation d\u2019un cadre et d\u2019un m\u00e9canicien de la soci\u00e9t\u00e9 r\u00e9gionale des transports, pour vol de pi\u00e8ces d\u00e9tach\u00e9es des entrep\u00f4ts de la soci\u00e9t\u00e9. L\u2019affaire a commenc\u00e9 par la plainte du repr\u00e9sentant l\u00e9gal de la soci\u00e9t\u00e9 pour vol de pi\u00e8ces d\u00e9tach\u00e9es, d\u2019une valeur de [&hellip;]<\/p>\n","protected":false},"author":1789,"featured_media":0,"comment_status":"closed","ping_status":"closed","sticky":false,"template":"","format":"standard","meta":{"fifu_image_url":"","fifu_image_alt":"","footnotes":""},"categories":[73,55],"tags":[],"class_list":["post-152410","post","type-post","status-publish","format-standard","hentry","category-actualite","category-tunisie"],"_links":{"self":[{"href":"https:\/\/linitiative.ca\/International\/wp-json\/wp\/v2\/posts\/152410","targetHints":{"allow":["GET"]}}],"collection":[{"href":"https:\/\/linitiative.ca\/International\/wp-json\/wp\/v2\/posts"}],"about":[{"href":"https:\/\/linitiative.ca\/International\/wp-json\/wp\/v2\/types\/post"}],"author":[{"embeddable":true,"href":"https:\/\/linitiative.ca\/International\/wp-json\/wp\/v2\/users\/1789"}],"replies":[{"embeddable":true,"href":"https:\/\/linitiative.ca\/International\/wp-json\/wp\/v2\/comments?post=152410"}],"version-history":[{"count":0,"href":"https:\/\/linitiative.ca\/International\/wp-json\/wp\/v2\/posts\/152410\/revisions"}],"wp:attachment":[{"href":"https:\/\/linitiative.ca\/International\/wp-json\/wp\/v2\/media?parent=152410"}],"wp:term":[{"taxonomy":"category","embeddable":true,"href":"https:\/\/linitiative.ca\/International\/wp-json\/wp\/v2\/categories?post=152410"},{"taxonomy":"post_tag","embeddable":true,"href":"https:\/\/linitiative.ca\/International\/wp-json\/wp\/v2\/tags?post=152410"}],"curies":[{"name":"wp","href":"https:\/\/api.w.org\/{rel}","templated":true}]}}