{"id":152418,"date":"2022-07-13T15:14:41","date_gmt":"2022-07-13T19:14:41","guid":{"rendered":"https:\/\/linitiative.ca\/International\/comoe-apres-madiasso-niabrego-aussi-subit-la-ferule-des-groupes-armes-terroristes\/"},"modified":"2022-07-13T15:14:41","modified_gmt":"2022-07-13T19:14:41","slug":"comoe-apres-madiasso-niabrego-aussi-subit-la-ferule-des-groupes-armes-terroristes","status":"publish","type":"post","link":"https:\/\/linitiative.ca\/International\/comoe-apres-madiasso-niabrego-aussi-subit-la-ferule-des-groupes-armes-terroristes\/","title":{"rendered":"Como\u00e9 : Apr\u00e8s Madiasso, Niabrego aussi subit la f\u00e9rule des groupes arm\u00e9s terroristes"},"content":{"rendered":"<div>\n<p>Aujourd\u2019hui, c\u2019\u00e9tait le sauve qui peut \u00e0 Niabrego, village situ\u00e9 \u00e0 environ 7 km de Mangodara. Que ce soit \u00e0 pieds, \u00e0 v\u00e9los, \u00e0 motos ou en tricycles, chacun s\u2019est d\u00e9brouill\u00e9 pour obtemp\u00e9rer \u00e0 l\u2019injonction des groupes arm\u00e9s.<\/p>\n<p>Selon plusieurs sources locales, les populations ont re\u00e7u la visite d\u2019hommes arm\u00e9s non identifi\u00e9s (HANI) dans la journ\u00e9e du 11 juillet 2022, leur intimant l\u2019ordre de quitter le village. Certains ont rejoint aussit\u00f4t\u00a0 Mangodara.<\/p>\n<p>Ceux qui sont rest\u00e9s dans le village ont vu, \u00e0 leur grande surprise, les HANI d\u00e9barqu\u00e9s encore le lendemain 12 juillet pour donner un dernier ultimatum. Aujourd\u2019hui, 13 juillet donc, d\u00e8s l\u2019aube, Niabrego a commenc\u00e9 \u00e0 se vider de sa population.<\/p>\n<p>Ainsi, apr\u00e8s avoir <a href=\"https:\/\/www.sidwaya.info\/blog\/2022\/07\/04\/cascades-les-populations-fuient-madiasso-vers-banfora\/\" target=\"_blank\" rel=\"noopener\">contraint les habitants de Madiasso \u00e0 vider les lieux<\/a>, les HANI ont mis le cap sur Niabrego, situ\u00e9 \u00e0 mi-chemin entre Mangodara et <a href=\"https:\/\/www.sidwaya.info\/blog\/2021\/11\/21\/mangodara-des-tirs-entendus-a-noumoutiedougou-entre-terroristes-et-dozos\/\" target=\"_blank\" rel=\"noopener\">Noumouti\u00e9dougou<\/a>, cet autre village qui a plusieurs fois subi les assauts de groupes terroristes.<\/p>\n<p style=\"text-align: right\"><strong>\u00a0\u00a0\u00a0\u00a0\u00a0\u00a0\u00a0\u00a0\u00a0\u00a0\u00a0\u00a0\u00a0\u00a0\u00a0\u00a0\u00a0\u00a0\u00a0\u00a0\u00a0\u00a0\u00a0\u00a0\u00a0\u00a0\u00a0\u00a0\u00a0\u00a0\u00a0\u00a0\u00a0\u00a0\u00a0\u00a0\u00a0\u00a0\u00a0\u00a0\u00a0\u00a0\u00a0\u00a0\u00a0\u00a0\u00a0\u00a0\u00a0\u00a0\u00a0\u00a0\u00a0\u00a0\u00a0\u00a0\u00a0\u00a0\u00a0\u00a0\u00a0\u00a0\u00a0\u00a0\u00a0\u00a0\u00a0\u00a0\u00a0\u00a0\u00a0\u00a0\u00a0\u00a0\u00a0\u00a0\u00a0\u00a0\u00a0\u00a0\u00a0\u00a0\u00a0\u00a0\u00a0\u00a0\u00a0\u00a0\u00a0\u00a0\u00a0\u00a0\u00a0\u00a0\u00a0\u00a0\u00a0\u00a0\u00a0\u00a0\u00a0\u00a0\u00a0\u00a0\u00a0\u00a0\u00a0\u00a0\u00a0\u00a0\u00a0\u00a0\u00a0\u00a0\u00a0\u00a0\u00a0\u00a0\u00a0\u00a0\u00a0\u00a0\u00a0\u00a0\u00a0\u00a0 M. Y.<\/strong><\/p>\n<\/div>\n<p>Auteur: Wamini SIDWAYA<br \/>\n<a href=\"https:\/\/www.sidwaya.info\/blog\/2022\/07\/13\/comoe-apres-madiasso-niabrego-aussi-subit-la-ferule-des-groupes-armes-terroristes\/\">Cliquez ici pour lire l&rsquo;article depuis sa source.<\/a><\/p>\n","protected":false},"excerpt":{"rendered":"<p>Aujourd\u2019hui, c\u2019\u00e9tait le sauve qui peut \u00e0 Niabrego, village situ\u00e9 \u00e0 environ 7 km de Mangodara. Que ce soit \u00e0 pieds, \u00e0 v\u00e9los, \u00e0 motos ou en tricycles, chacun s\u2019est d\u00e9brouill\u00e9 pour obtemp\u00e9rer \u00e0 l\u2019injonction des groupes arm\u00e9s. Selon plusieurs sources locales, les populations ont re\u00e7u la visite d\u2019hommes arm\u00e9s non identifi\u00e9s (HANI) dans la [&hellip;]<\/p>\n","protected":false},"author":1816,"featured_media":0,"comment_status":"closed","ping_status":"closed","sticky":false,"template":"","format":"standard","meta":{"fifu_image_url":"","fifu_image_alt":"","footnotes":""},"categories":[73,81],"tags":[],"class_list":["post-152418","post","type-post","status-publish","format-standard","hentry","category-actualite","category-burkina-faso"],"_links":{"self":[{"href":"https:\/\/linitiative.ca\/International\/wp-json\/wp\/v2\/posts\/152418","targetHints":{"allow":["GET"]}}],"collection":[{"href":"https:\/\/linitiative.ca\/International\/wp-json\/wp\/v2\/posts"}],"about":[{"href":"https:\/\/linitiative.ca\/International\/wp-json\/wp\/v2\/types\/post"}],"author":[{"embeddable":true,"href":"https:\/\/linitiative.ca\/International\/wp-json\/wp\/v2\/users\/1816"}],"replies":[{"embeddable":true,"href":"https:\/\/linitiative.ca\/International\/wp-json\/wp\/v2\/comments?post=152418"}],"version-history":[{"count":0,"href":"https:\/\/linitiative.ca\/International\/wp-json\/wp\/v2\/posts\/152418\/revisions"}],"wp:attachment":[{"href":"https:\/\/linitiative.ca\/International\/wp-json\/wp\/v2\/media?parent=152418"}],"wp:term":[{"taxonomy":"category","embeddable":true,"href":"https:\/\/linitiative.ca\/International\/wp-json\/wp\/v2\/categories?post=152418"},{"taxonomy":"post_tag","embeddable":true,"href":"https:\/\/linitiative.ca\/International\/wp-json\/wp\/v2\/tags?post=152418"}],"curies":[{"name":"wp","href":"https:\/\/api.w.org\/{rel}","templated":true}]}}