{"id":15245,"date":"2019-02-18T14:22:00","date_gmt":"2019-02-18T19:22:00","guid":{"rendered":"https:\/\/linitiative.ca\/International\/apres-les-declarations-de-ghannouchi-le-sort-de-chahed-est-il-scelle\/"},"modified":"2019-02-18T14:22:00","modified_gmt":"2019-02-18T19:22:00","slug":"apres-les-declarations-de-ghannouchi-le-sort-de-chahed-est-il-scelle","status":"publish","type":"post","link":"https:\/\/linitiative.ca\/International\/apres-les-declarations-de-ghannouchi-le-sort-de-chahed-est-il-scelle\/","title":{"rendered":"Apr\u00e8s les d\u00e9clarations de Ghannouchi, le sort de Chahed est-il scell\u00e9 ?"},"content":{"rendered":"<p>\u00abLe \u00ab Mouvement \u00bb a engag\u00e9 des discussions avec toutes les parties sur le point de savoir s\u2019il faut opter pour\u00a0 le maintien du gouvernement\u00a0 jusqu\u2019aux prochaines \u00e9lections ou le remplacer par un cabinet de technocrates \u00bb : cette d\u00e9claration de Rached Ghannouchi\u00a0 abondamment comment\u00e9e tant par le microcosme politique que par la presse a fait l\u2019effet d\u2019une pierre dans la mare ce dernier week end\u00a0 tant elle jure avec les positions pr\u00e9c\u00e9dentes du\u00a0 pr\u00e9sident d\u2019Ennahdha. Car pendant des mois,\u00a0 il a \u00e9t\u00e9 le seul soutien de Chahed au nom de \u00ab la stabilit\u00e9 gouvernementale \u00bb au point de susciter l\u2019ire du pr\u00e9sident de la R\u00e9publique et l\u2019amener \u00e0 annoncer la fin de l\u2019alliance avec Ennahdha. Sans l\u2019appui d\u2019Ennahdha Youssef Chahed n\u2019aurait pas\u00a0 r\u00e9sist\u00e9 un instant sous les tirs crois\u00e9s tant des partis qu&rsquo;ils soient de droite ou de gauche et de la toute-puissante centrale syndicale.<\/p>\n<p>On sait depuis longtemps que le mouvement Ennahdha n&rsquo;a pas d&rsquo;amis, mais des int\u00e9r\u00eats, mais le revirement est cette cette fois-ci radical, parce qu&rsquo;il cache certainement quelques craintes que certains amis de Chahed ont nourries par leur rodomontades\u00a0 comme le fait de dire que le nouveau parti ambitionne de gouverner seul et que l&rsquo;alliance avec Ennahdha n&rsquo;est qu&rsquo;un pis aller en attendant des jours meilleurs. Un large frange de millitants nahdhaouis comme Lotfi Zitoun s&rsquo;en est fait l&rsquo;\u00e9cho d&rsquo;ailleurs, appelant m\u00eame \u00e0 renouer avec le pr\u00e9sident de la R\u00e9publique jugeant les nouveaux alli\u00e9s moins fiables. La derni\u00e8re visite de Chahed \u00e0 Paris o\u00f9 il a \u00e9t\u00e9 re\u00e7u en grande pompe a d\u00fb les conforter\u00a0 dans leurs appr\u00e9hensions.<\/p>\n<p>Ceci veut-il dire que le sort de Chahed est scell\u00e9 et que nous allons assister \u00e0 la cr\u00e9ation d&rsquo;un front anti-chahed qui va de l&rsquo;extr\u00eame-gauche \u00e0 l&rsquo;extr\u00eame-droite. Tout est possible quand on se rappellec les p\u00e9rip\u00e9ties que la classe politique nous a fait vivre depuis l&rsquo;\u00e9t\u00e9.\u00a0<\/p>\n<p>Auteur:<br \/>\n<a href=\"http:\/\/www.leaders.com.tn\/article\/26541-apres-les-declarations-de-ghannouchi-le-sort-de-chahed-est-il-scelle\">Cliquez ici pour lire l&rsquo;article depuis sa source.<\/a><\/p>\n","protected":false},"excerpt":{"rendered":"<p>\u00abLe \u00ab Mouvement \u00bb a engag\u00e9 des discussions avec toutes les parties sur le point de savoir s\u2019il faut opter pour\u00a0 le maintien du gouvernement\u00a0 jusqu\u2019aux prochaines \u00e9lections ou le remplacer par un cabinet de technocrates \u00bb : cette d\u00e9claration de Rached Ghannouchi\u00a0 abondamment comment\u00e9e tant par le microcosme politique que par la presse a [&hellip;]<\/p>\n","protected":false},"author":1772,"featured_media":0,"comment_status":"closed","ping_status":"closed","sticky":false,"template":"","format":"standard","meta":{"fifu_image_url":"","fifu_image_alt":"","footnotes":""},"categories":[73,55],"tags":[],"class_list":["post-15245","post","type-post","status-publish","format-standard","hentry","category-actualite","category-tunisie"],"_links":{"self":[{"href":"https:\/\/linitiative.ca\/International\/wp-json\/wp\/v2\/posts\/15245","targetHints":{"allow":["GET"]}}],"collection":[{"href":"https:\/\/linitiative.ca\/International\/wp-json\/wp\/v2\/posts"}],"about":[{"href":"https:\/\/linitiative.ca\/International\/wp-json\/wp\/v2\/types\/post"}],"author":[{"embeddable":true,"href":"https:\/\/linitiative.ca\/International\/wp-json\/wp\/v2\/users\/1772"}],"replies":[{"embeddable":true,"href":"https:\/\/linitiative.ca\/International\/wp-json\/wp\/v2\/comments?post=15245"}],"version-history":[{"count":0,"href":"https:\/\/linitiative.ca\/International\/wp-json\/wp\/v2\/posts\/15245\/revisions"}],"wp:attachment":[{"href":"https:\/\/linitiative.ca\/International\/wp-json\/wp\/v2\/media?parent=15245"}],"wp:term":[{"taxonomy":"category","embeddable":true,"href":"https:\/\/linitiative.ca\/International\/wp-json\/wp\/v2\/categories?post=15245"},{"taxonomy":"post_tag","embeddable":true,"href":"https:\/\/linitiative.ca\/International\/wp-json\/wp\/v2\/tags?post=15245"}],"curies":[{"name":"wp","href":"https:\/\/api.w.org\/{rel}","templated":true}]}}