{"id":152474,"date":"2022-07-13T14:12:55","date_gmt":"2022-07-13T18:12:55","guid":{"rendered":"https:\/\/linitiative.ca\/International\/souk-ahras-toutes-les-dispositions-mises-en-place-pour-la-reouverture-des-2-postes-frontaliers-avec-la-tunisie\/"},"modified":"2022-07-13T14:12:55","modified_gmt":"2022-07-13T18:12:55","slug":"souk-ahras-toutes-les-dispositions-mises-en-place-pour-la-reouverture-des-2-postes-frontaliers-avec-la-tunisie","status":"publish","type":"post","link":"https:\/\/linitiative.ca\/International\/souk-ahras-toutes-les-dispositions-mises-en-place-pour-la-reouverture-des-2-postes-frontaliers-avec-la-tunisie\/","title":{"rendered":"Souk Ahras: toutes les dispositions mises en place pour la r\u00e9ouverture des  2 postes frontaliers avec la Tunisie"},"content":{"rendered":"<div>\n<div class=\"K2FeedIntroText\">\n<p><strong>SOUK AHRAS- Les autorit\u00e9s de la wilaya de Souk Ahras ont affirm\u00e9, mercredi, que toutes les dispositions ont \u00e9t\u00e9 mises en place pour la r\u00e9ouverture des deux postes frontaliers terrestres de Haddada et El Fouidh dans la commune d\u2019Ouled Moumen (Souk Ahras) pour le transit des voyageurs alg\u00e9riens et tunisiens.<\/strong><\/p>\n<\/div>\n<div class=\"K2FeedFullText\">\n<p>Le wali de Souk Ahras, Loun\u00e8s Bouzegza a pr\u00e9cis\u00e9 \u00e0 l\u2019APS que ces dispositions, visant \u00e0 assurer plus d\u2019aisance au mouvement d\u2019entr\u00e9e et de sortie des Alg\u00e9riens et des Tunisiens, ont port\u00e9 sur l\u2019installation d\u2019une commission s\u00e9curitaire \u00e9largie \u00e0 tous les services dont la police des fronti\u00e8res, les Douanes, la Protection civile, le secteur de la Sant\u00e9 et les Collectivit\u00e9s locales qui veillera au bien-\u00eatre des voyageurs.<\/p>\n<p>M.Bouzegza a pr\u00e9cis\u00e9 que les deux postes frontaliers de la wilaya seront renforc\u00e9s de tous les moyens humains et mat\u00e9riels n\u00e9cessaires \u00e0 l\u2019accueil des citoyens 24h\/24 dans les meilleures conditions, relevant que le poste frontalier de la ville de Haddada a en face en territoire tunisien le poste frontalier de Sakiet Sidi Youcef.<\/p>\n<p>A noter que ces dispositions viennent en application de la d\u00e9cision commune du pr\u00e9sident de la R\u00e9publique, Abdelmadjid Tebboune, et de son homologue tunisien, Ka\u00efs Sa\u00efed, de rouvrir les fronti\u00e8res terrestres entre les deux pays \u00e0 compter du 15 juillet courant aux voyageurs, alors que celles-ci \u00e9taient limit\u00e9es aux marchandises.<\/p>\n<p>Il a, par ailleurs, rappel\u00e9 qu\u2019avant la fermeture des fronti\u00e8res en mars 2020, le nombre de passagers via ces fronti\u00e8res \u00e9tait annuellement de 1,5 million, et s\u2019attend \u00e0 voir ce chiffre augmenter durant l\u2019\u00e9t\u00e9 2022 \u00e0 la faveur des travaux de r\u00e9habilitation et d\u2019entretien effectu\u00e9s au niveau des deux postes frontaliers de Haddada et El Fouidh, et du d\u00e9doublement de la route entre Haddada et le chef-lieu de wilaya.<\/p>\n<p>Des actions de nettoyage et d\u2019embellissement ont \u00e9t\u00e9 \u00e9galement men\u00e9es au niveau de ces deux postes frontaliers, outre l\u2019installation de l\u2019\u00e9clairage public et des \u00e9quipements modernes, notamment au poste de Haddada qui accueille habituellement un grand nombre de voyageurs, et ce, de sorte \u00e0 dynamiser les flux commerciaux et touristiques entre les deux pays.<\/p>\n<p>De son c\u00f4t\u00e9, le commissaire de police, Abdelghani Benbouragaa, responsable de la cellule de presse et d\u2019information au sein du service r\u00e9gional de la police des fronti\u00e8res de la wilaya de Souk Ahras, a relev\u00e9 que la comp\u00e9tence territoriale de ce service s\u2019\u00e9tend sur 489 km de la bande frontali\u00e8re et chapeaute trois brigades de police des fronti\u00e8res terrestres au niveau des postes de Haddada et Ouled Moumem (Souk Ahras), Betita, Bouchebka, Ras Layoun, El Meridj et l\u2019a\u00e9roport Larbi Tebessi (T\u00e9bessa) en plus d\u2019Oum Teboul et El Ayoun (El Tarf).<\/p>\n<p>Parmi les mesures prises pour faciliter le passage des voyageurs au niveau des postes frontaliers figure la coordination entre la police des fronti\u00e8res et les Douanes, et le renforcement des guichets de contr\u00f4le frontalier par des \u00e9l\u00e9ments de la police.<\/p>\n<\/div>\n<\/div>\n<p>Auteur:<br \/>\n<a href=\"http:\/\/www.aps.dz\/regions\/142811-souk-ahras-toutes-les-dispositions-mises-en-place-pour-la-reouverture-des-2-postes-frontaliers-avec-la-tunisie\">Cliquez ici pour lire l&rsquo;article depuis sa source.<\/a><\/p>\n","protected":false},"excerpt":{"rendered":"<p>SOUK AHRAS- Les autorit\u00e9s de la wilaya de Souk Ahras ont affirm\u00e9, mercredi, que toutes les dispositions ont \u00e9t\u00e9 mises en place pour la r\u00e9ouverture des deux postes frontaliers terrestres de Haddada et El Fouidh dans la commune d\u2019Ouled Moumen (Souk Ahras) pour le transit des voyageurs alg\u00e9riens et tunisiens. Le wali de Souk Ahras, [&hellip;]<\/p>\n","protected":false},"author":1790,"featured_media":0,"comment_status":"closed","ping_status":"closed","sticky":false,"template":"","format":"standard","meta":{"fifu_image_url":"","fifu_image_alt":"","footnotes":""},"categories":[53,76],"tags":[],"class_list":["post-152474","post","type-post","status-publish","format-standard","hentry","category-algerie","category-regions"],"_links":{"self":[{"href":"https:\/\/linitiative.ca\/International\/wp-json\/wp\/v2\/posts\/152474","targetHints":{"allow":["GET"]}}],"collection":[{"href":"https:\/\/linitiative.ca\/International\/wp-json\/wp\/v2\/posts"}],"about":[{"href":"https:\/\/linitiative.ca\/International\/wp-json\/wp\/v2\/types\/post"}],"author":[{"embeddable":true,"href":"https:\/\/linitiative.ca\/International\/wp-json\/wp\/v2\/users\/1790"}],"replies":[{"embeddable":true,"href":"https:\/\/linitiative.ca\/International\/wp-json\/wp\/v2\/comments?post=152474"}],"version-history":[{"count":0,"href":"https:\/\/linitiative.ca\/International\/wp-json\/wp\/v2\/posts\/152474\/revisions"}],"wp:attachment":[{"href":"https:\/\/linitiative.ca\/International\/wp-json\/wp\/v2\/media?parent=152474"}],"wp:term":[{"taxonomy":"category","embeddable":true,"href":"https:\/\/linitiative.ca\/International\/wp-json\/wp\/v2\/categories?post=152474"},{"taxonomy":"post_tag","embeddable":true,"href":"https:\/\/linitiative.ca\/International\/wp-json\/wp\/v2\/tags?post=152474"}],"curies":[{"name":"wp","href":"https:\/\/api.w.org\/{rel}","templated":true}]}}