{"id":152476,"date":"2022-07-14T11:12:23","date_gmt":"2022-07-14T15:12:23","guid":{"rendered":"https:\/\/linitiative.ca\/International\/tourisme-114-million-darrivees-en-juin-2022\/"},"modified":"2022-07-14T11:12:23","modified_gmt":"2022-07-14T15:12:23","slug":"tourisme-114-million-darrivees-en-juin-2022","status":"publish","type":"post","link":"https:\/\/linitiative.ca\/International\/tourisme-114-million-darrivees-en-juin-2022\/","title":{"rendered":"Tourisme: 1,14 million d&rsquo;arriv\u00e9es en juin 2022"},"content":{"rendered":"<div>\n<div class=\"field field-name-body field-type-text-with-summary field-label-hidden\">\n<div class=\"field-items\">\n<div class=\"field-item even\" property=\"content:encoded\">\n<p class=\"rtejustify\">Le tourisme semble retrouver ses niveaux d&rsquo;avant la pand\u00e9mie. En juin, les arriv\u00e9es touristiques ont atteint plus de 1.140.000 personnes, en hausse de 5% par rapport \u00e0 juin 2019 et de 235% par rapport \u00e0 juin 2021, indique le minist\u00e8re du Tourisme, de l&rsquo;Artisanat et de l&rsquo;Economie Sociale et Solidaire &#8211; D\u00e9partement du Tourisme.<\/p>\n<\/div>\n<\/div>\n<\/div>\n<\/div>\n<p>Auteur: hgueye<br \/>\n<a href=\"https:\/\/www.leconomiste.com\/flash-infos\/tourisme-1-14-million-d-arrivees-en-juin-2022\">Cliquez ici pour lire l&rsquo;article depuis sa source.<\/a><\/p>\n","protected":false},"excerpt":{"rendered":"<p>Le tourisme semble retrouver ses niveaux d&rsquo;avant la pand\u00e9mie. En juin, les arriv\u00e9es touristiques ont atteint plus de 1.140.000 personnes, en hausse de 5% par rapport \u00e0 juin 2019 et de 235% par rapport \u00e0 juin 2021, indique le minist\u00e8re du Tourisme, de l&rsquo;Artisanat et de l&rsquo;Economie Sociale et Solidaire &#8211; D\u00e9partement du Tourisme. Auteur: [&hellip;]<\/p>\n","protected":false},"author":1763,"featured_media":0,"comment_status":"closed","ping_status":"closed","sticky":false,"template":"","format":"standard","meta":{"fifu_image_url":"","fifu_image_alt":"","footnotes":""},"categories":[78,54],"tags":[],"class_list":["post-152476","post","type-post","status-publish","format-standard","hentry","category-economie","category-maroc"],"_links":{"self":[{"href":"https:\/\/linitiative.ca\/International\/wp-json\/wp\/v2\/posts\/152476","targetHints":{"allow":["GET"]}}],"collection":[{"href":"https:\/\/linitiative.ca\/International\/wp-json\/wp\/v2\/posts"}],"about":[{"href":"https:\/\/linitiative.ca\/International\/wp-json\/wp\/v2\/types\/post"}],"author":[{"embeddable":true,"href":"https:\/\/linitiative.ca\/International\/wp-json\/wp\/v2\/users\/1763"}],"replies":[{"embeddable":true,"href":"https:\/\/linitiative.ca\/International\/wp-json\/wp\/v2\/comments?post=152476"}],"version-history":[{"count":0,"href":"https:\/\/linitiative.ca\/International\/wp-json\/wp\/v2\/posts\/152476\/revisions"}],"wp:attachment":[{"href":"https:\/\/linitiative.ca\/International\/wp-json\/wp\/v2\/media?parent=152476"}],"wp:term":[{"taxonomy":"category","embeddable":true,"href":"https:\/\/linitiative.ca\/International\/wp-json\/wp\/v2\/categories?post=152476"},{"taxonomy":"post_tag","embeddable":true,"href":"https:\/\/linitiative.ca\/International\/wp-json\/wp\/v2\/tags?post=152476"}],"curies":[{"name":"wp","href":"https:\/\/api.w.org\/{rel}","templated":true}]}}