{"id":152478,"date":"2022-07-14T11:56:32","date_gmt":"2022-07-14T15:56:32","guid":{"rendered":"https:\/\/linitiative.ca\/International\/intelcia-inaugure-un-nouveau-siege-a-madrid\/"},"modified":"2022-07-14T11:56:32","modified_gmt":"2022-07-14T15:56:32","slug":"intelcia-inaugure-un-nouveau-siege-a-madrid","status":"publish","type":"post","link":"https:\/\/linitiative.ca\/International\/intelcia-inaugure-un-nouveau-siege-a-madrid\/","title":{"rendered":"Intelcia inaugure un nouveau si\u00e8ge \u00e0 Madrid"},"content":{"rendered":"<div>\n<div class=\"field field-name-body field-type-text-with-summary field-label-hidden\">\n<div class=\"field-items\">\n<div class=\"field-item even\" property=\"content:encoded\">\n<p class=\"rtejustify\">Le Groupe Intelcia confirme ses ambitions \u00e0 l\u2019international. Le sp\u00e9cialiste de la relation client vient d\u2019inaugurer un nouveau si\u00e8ge \u00e0 Madrid dont l\u2019investissement atteint 1,1 millions d\u2019euros. Ce site vient ainsi confirmer l\u2019engagement du Groupe dans la r\u00e9gion Espagne o\u00f9 le sp\u00e9cialiste de l\u2019outisourcing pourra aussi desservir l\u2019Am\u00e9rique latine.<\/p>\n<\/div>\n<\/div>\n<\/div>\n<\/div>\n<p>Auteur: hgueye<br \/>\n<a href=\"https:\/\/www.leconomiste.com\/flash-infos\/intelcia-inaugure-un-nouveau-siege-madrid\">Cliquez ici pour lire l&rsquo;article depuis sa source.<\/a><\/p>\n","protected":false},"excerpt":{"rendered":"<p>Le Groupe Intelcia confirme ses ambitions \u00e0 l\u2019international. Le sp\u00e9cialiste de la relation client vient d\u2019inaugurer un nouveau si\u00e8ge \u00e0 Madrid dont l\u2019investissement atteint 1,1 millions d\u2019euros. Ce site vient ainsi confirmer l\u2019engagement du Groupe dans la r\u00e9gion Espagne o\u00f9 le sp\u00e9cialiste de l\u2019outisourcing pourra aussi desservir l\u2019Am\u00e9rique latine. Auteur: hgueye Cliquez ici pour lire [&hellip;]<\/p>\n","protected":false},"author":1763,"featured_media":0,"comment_status":"closed","ping_status":"closed","sticky":false,"template":"","format":"standard","meta":{"fifu_image_url":"","fifu_image_alt":"","footnotes":""},"categories":[78,54],"tags":[],"class_list":["post-152478","post","type-post","status-publish","format-standard","hentry","category-economie","category-maroc"],"_links":{"self":[{"href":"https:\/\/linitiative.ca\/International\/wp-json\/wp\/v2\/posts\/152478","targetHints":{"allow":["GET"]}}],"collection":[{"href":"https:\/\/linitiative.ca\/International\/wp-json\/wp\/v2\/posts"}],"about":[{"href":"https:\/\/linitiative.ca\/International\/wp-json\/wp\/v2\/types\/post"}],"author":[{"embeddable":true,"href":"https:\/\/linitiative.ca\/International\/wp-json\/wp\/v2\/users\/1763"}],"replies":[{"embeddable":true,"href":"https:\/\/linitiative.ca\/International\/wp-json\/wp\/v2\/comments?post=152478"}],"version-history":[{"count":0,"href":"https:\/\/linitiative.ca\/International\/wp-json\/wp\/v2\/posts\/152478\/revisions"}],"wp:attachment":[{"href":"https:\/\/linitiative.ca\/International\/wp-json\/wp\/v2\/media?parent=152478"}],"wp:term":[{"taxonomy":"category","embeddable":true,"href":"https:\/\/linitiative.ca\/International\/wp-json\/wp\/v2\/categories?post=152478"},{"taxonomy":"post_tag","embeddable":true,"href":"https:\/\/linitiative.ca\/International\/wp-json\/wp\/v2\/tags?post=152478"}],"curies":[{"name":"wp","href":"https:\/\/api.w.org\/{rel}","templated":true}]}}