{"id":152494,"date":"2022-07-14T10:20:00","date_gmt":"2022-07-14T14:20:00","guid":{"rendered":"https:\/\/linitiative.ca\/International\/hakim-el-karoui-nomme-chevalier-de-la-legion-dhonneur\/"},"modified":"2022-07-14T10:20:00","modified_gmt":"2022-07-14T14:20:00","slug":"hakim-el-karoui-nomme-chevalier-de-la-legion-dhonneur","status":"publish","type":"post","link":"https:\/\/linitiative.ca\/International\/hakim-el-karoui-nomme-chevalier-de-la-legion-dhonneur\/","title":{"rendered":"Hakim El Karoui nomm\u00e9 chevalier de la L\u00e9gion d\u2019honneur"},"content":{"rendered":"<div><img decoding=\"async\" src=\"https:\/\/linitiative.ca\/International\/wp-content\/uploads\/sites\/23\/2022\/07\/1657804814_article.jpg\" alt=\"Hakim El Karoui nomm\u00e9 chevalier de la L\u00e9gion d\u2019honneur\" align=\"left\">La promotion du 14 juillet 2022 lui a r\u00e9serv\u00e9 une agr\u00e9able surprise. L\u2019essayiste et consultant Hakim El Karoui a \u00e9t\u00e9 nomm\u00e9 par le pr\u00e9sident Emanuel Macron chevalier de la L\u00e9gion d\u2019Honneur. Normalien, agr\u00e9g\u00e9 de g\u00e9ographie, il aligne 29 ans de services dans l\u2019int\u00e9r\u00eat g\u00e9n\u00e9ral, mentionne le d\u00e9cret portant promotion et nomination publi\u00e9 au Journal Officiel.<br \/>\nEl Karoui qui est l\u2019auteur de nombreux ouvrages et rapports, dont notamment\u00a0:<\/p>\n<p>    L&rsquo;Avenir d&rsquo;une exception, 2006,\u00a0\u00e9ditions Flammarion<br \/>\n    R\u00e9inventer l&rsquo;Occident. Essai sur une crise \u00e9conomique et culturelle, 2010, \u00e9ditions Flammarion<br \/>\n    La Lutte des \u00e2ges, 2013, \u00e9ditions<br \/>\n    L&rsquo;Islam, une religion &#8230;<\/p>\n<\/div>\n<p>Auteur:<br \/>\n<a href=\"https:\/\/www.leaders.com.tn\/article\/33612-hakim-el-karoui-nomme-chevalier-de-la-legion-d-honneur\">Cliquez ici pour lire l&rsquo;article depuis sa source.<\/a><\/p>\n","protected":false},"excerpt":{"rendered":"<p>La promotion du 14 juillet 2022 lui a r\u00e9serv\u00e9 une agr\u00e9able surprise. L\u2019essayiste et consultant Hakim El Karoui a \u00e9t\u00e9 nomm\u00e9 par le pr\u00e9sident Emanuel Macron chevalier de la L\u00e9gion d\u2019Honneur. Normalien, agr\u00e9g\u00e9 de g\u00e9ographie, il aligne 29 ans de services dans l\u2019int\u00e9r\u00eat g\u00e9n\u00e9ral, mentionne le d\u00e9cret portant promotion et nomination publi\u00e9 au Journal Officiel. [&hellip;]<\/p>\n","protected":false},"author":1772,"featured_media":0,"comment_status":"closed","ping_status":"closed","sticky":false,"template":"","format":"standard","meta":{"fifu_image_url":"http:\/\/www.leaders.com.tn\/uploads\/content\/thumbnails_small\/1657804814_article.jpg","fifu_image_alt":"Hakim El Karoui nomm\u00e9 chevalier de la L\u00e9gion d\u2019honneur","footnotes":""},"categories":[73,55],"tags":[],"class_list":["post-152494","post","type-post","status-publish","format-standard","hentry","category-actualite","category-tunisie"],"_links":{"self":[{"href":"https:\/\/linitiative.ca\/International\/wp-json\/wp\/v2\/posts\/152494","targetHints":{"allow":["GET"]}}],"collection":[{"href":"https:\/\/linitiative.ca\/International\/wp-json\/wp\/v2\/posts"}],"about":[{"href":"https:\/\/linitiative.ca\/International\/wp-json\/wp\/v2\/types\/post"}],"author":[{"embeddable":true,"href":"https:\/\/linitiative.ca\/International\/wp-json\/wp\/v2\/users\/1772"}],"replies":[{"embeddable":true,"href":"https:\/\/linitiative.ca\/International\/wp-json\/wp\/v2\/comments?post=152494"}],"version-history":[{"count":0,"href":"https:\/\/linitiative.ca\/International\/wp-json\/wp\/v2\/posts\/152494\/revisions"}],"wp:attachment":[{"href":"https:\/\/linitiative.ca\/International\/wp-json\/wp\/v2\/media?parent=152494"}],"wp:term":[{"taxonomy":"category","embeddable":true,"href":"https:\/\/linitiative.ca\/International\/wp-json\/wp\/v2\/categories?post=152494"},{"taxonomy":"post_tag","embeddable":true,"href":"https:\/\/linitiative.ca\/International\/wp-json\/wp\/v2\/tags?post=152494"}],"curies":[{"name":"wp","href":"https:\/\/api.w.org\/{rel}","templated":true}]}}