{"id":152507,"date":"2022-07-14T15:35:25","date_gmt":"2022-07-14T19:35:25","guid":{"rendered":"https:\/\/linitiative.ca\/International\/la-montee-en-fleche-du-dollar-accroit-le-service-de-la-dette-et-pese-sur-la-balance-commerciale\/"},"modified":"2022-07-14T15:35:25","modified_gmt":"2022-07-14T19:35:25","slug":"la-montee-en-fleche-du-dollar-accroit-le-service-de-la-dette-et-pese-sur-la-balance-commerciale","status":"publish","type":"post","link":"https:\/\/linitiative.ca\/International\/la-montee-en-fleche-du-dollar-accroit-le-service-de-la-dette-et-pese-sur-la-balance-commerciale\/","title":{"rendered":"La mont\u00e9e en fl\u00e8che du dollar accroit le service de la dette et p\u00e8se sur la balance commerciale"},"content":{"rendered":"<div>\n<p>La mont\u00e9e consid\u00e9rable du dollar causerait la hausse du service de la dette ext\u00e9rieure et des int\u00e9r\u00eats courus pour les dettes contract\u00e9es en dollar au moment o\u00f9 les autorit\u00e9s tentent de conclure un accord de financement avec le Fonds mon\u00e9taire international d\u2019un montant de 4 milliards de dollars qui permettrait au pays de mobiliser pas [\u2026]<\/p>\n<p>L\u2019article <a href=\"https:\/\/www.tunisienumerique.com\/la-montee-en-fleche-du-dollar-accroit-le-service-de-la-dette-et-pese-sur-la-balance-commerciale\/\">La mont\u00e9e en fl\u00e8che du dollar accroit le service de la dette et p\u00e8se sur la balance commerciale<\/a> est apparu en premier sur <a href=\"http:\/\/www.tunisienumerique.com\/\">Tunisie<\/a>.<\/p>\n<\/div>\n<p>Auteur: Mohamed Ben Abderrazek<br \/>\n<a href=\"https:\/\/www.tunisienumerique.com\/la-montee-en-fleche-du-dollar-accroit-le-service-de-la-dette-et-pese-sur-la-balance-commerciale\/\">Cliquez ici pour lire l&rsquo;article depuis sa source.<\/a><\/p>\n","protected":false},"excerpt":{"rendered":"<p>La mont\u00e9e consid\u00e9rable du dollar causerait la hausse du service de la dette ext\u00e9rieure et des int\u00e9r\u00eats courus pour les dettes contract\u00e9es en dollar au moment o\u00f9 les autorit\u00e9s tentent de conclure un accord de financement avec le Fonds mon\u00e9taire international d\u2019un montant de 4 milliards de dollars qui permettrait au pays de mobiliser pas [&hellip;]<\/p>\n","protected":false},"author":1789,"featured_media":0,"comment_status":"closed","ping_status":"closed","sticky":false,"template":"","format":"standard","meta":{"fifu_image_url":"","fifu_image_alt":"","footnotes":""},"categories":[73,55],"tags":[],"class_list":["post-152507","post","type-post","status-publish","format-standard","hentry","category-actualite","category-tunisie"],"_links":{"self":[{"href":"https:\/\/linitiative.ca\/International\/wp-json\/wp\/v2\/posts\/152507","targetHints":{"allow":["GET"]}}],"collection":[{"href":"https:\/\/linitiative.ca\/International\/wp-json\/wp\/v2\/posts"}],"about":[{"href":"https:\/\/linitiative.ca\/International\/wp-json\/wp\/v2\/types\/post"}],"author":[{"embeddable":true,"href":"https:\/\/linitiative.ca\/International\/wp-json\/wp\/v2\/users\/1789"}],"replies":[{"embeddable":true,"href":"https:\/\/linitiative.ca\/International\/wp-json\/wp\/v2\/comments?post=152507"}],"version-history":[{"count":0,"href":"https:\/\/linitiative.ca\/International\/wp-json\/wp\/v2\/posts\/152507\/revisions"}],"wp:attachment":[{"href":"https:\/\/linitiative.ca\/International\/wp-json\/wp\/v2\/media?parent=152507"}],"wp:term":[{"taxonomy":"category","embeddable":true,"href":"https:\/\/linitiative.ca\/International\/wp-json\/wp\/v2\/categories?post=152507"},{"taxonomy":"post_tag","embeddable":true,"href":"https:\/\/linitiative.ca\/International\/wp-json\/wp\/v2\/tags?post=152507"}],"curies":[{"name":"wp","href":"https:\/\/api.w.org\/{rel}","templated":true}]}}