{"id":152508,"date":"2022-07-14T15:58:31","date_gmt":"2022-07-14T19:58:31","guid":{"rendered":"https:\/\/linitiative.ca\/International\/balance-commerciale-la-tunisie-arrivera-t-elle-un-jour-a-se-defaire-du-boulet-turc\/"},"modified":"2022-07-14T15:58:31","modified_gmt":"2022-07-14T19:58:31","slug":"balance-commerciale-la-tunisie-arrivera-t-elle-un-jour-a-se-defaire-du-boulet-turc","status":"publish","type":"post","link":"https:\/\/linitiative.ca\/International\/balance-commerciale-la-tunisie-arrivera-t-elle-un-jour-a-se-defaire-du-boulet-turc\/","title":{"rendered":"Balance commerciale\u00a0: La Tunisie arrivera-t-elle un jour \u00e0 se d\u00e9faire du boulet turc\u00a0?"},"content":{"rendered":"<div>\n<p>Les chiffres publi\u00e9s derni\u00e8rement, par l\u2019INS, sont sans appel. La Tunisie n\u2019arrive, en effet, pas \u00e0 juguler son d\u00e9ficit commercial, qui se creuse chaque mois un peu plus. Et quand on \u00e9tudie d\u2019un peu plus pr\u00e8s, ces chiffres, on identifie, du premier coup, la cause la plus importante de cet \u00e9tat de fait. Il s\u2019agit, [\u2026]<\/p>\n<p>L\u2019article <a href=\"https:\/\/www.tunisienumerique.com\/balance-commerciale-la-tunisie-arrivera-t-elle-un-jour-a-se-defaire-du-boulet-turc\/\">Balance commerciale\u00a0: La Tunisie arrivera-t-elle un jour \u00e0 se d\u00e9faire du boulet turc\u00a0?<\/a> est apparu en premier sur <a href=\"http:\/\/www.tunisienumerique.com\/\">Tunisie<\/a>.<\/p>\n<\/div>\n<p>Auteur: Ramsis<br \/>\n<a href=\"https:\/\/www.tunisienumerique.com\/balance-commerciale-la-tunisie-arrivera-t-elle-un-jour-a-se-defaire-du-boulet-turc\/\">Cliquez ici pour lire l&rsquo;article depuis sa source.<\/a><\/p>\n","protected":false},"excerpt":{"rendered":"<p>Les chiffres publi\u00e9s derni\u00e8rement, par l\u2019INS, sont sans appel. La Tunisie n\u2019arrive, en effet, pas \u00e0 juguler son d\u00e9ficit commercial, qui se creuse chaque mois un peu plus. Et quand on \u00e9tudie d\u2019un peu plus pr\u00e8s, ces chiffres, on identifie, du premier coup, la cause la plus importante de cet \u00e9tat de fait. Il s\u2019agit, [&hellip;]<\/p>\n","protected":false},"author":1789,"featured_media":0,"comment_status":"closed","ping_status":"closed","sticky":false,"template":"","format":"standard","meta":{"fifu_image_url":"","fifu_image_alt":"","footnotes":""},"categories":[73,55],"tags":[],"class_list":["post-152508","post","type-post","status-publish","format-standard","hentry","category-actualite","category-tunisie"],"_links":{"self":[{"href":"https:\/\/linitiative.ca\/International\/wp-json\/wp\/v2\/posts\/152508","targetHints":{"allow":["GET"]}}],"collection":[{"href":"https:\/\/linitiative.ca\/International\/wp-json\/wp\/v2\/posts"}],"about":[{"href":"https:\/\/linitiative.ca\/International\/wp-json\/wp\/v2\/types\/post"}],"author":[{"embeddable":true,"href":"https:\/\/linitiative.ca\/International\/wp-json\/wp\/v2\/users\/1789"}],"replies":[{"embeddable":true,"href":"https:\/\/linitiative.ca\/International\/wp-json\/wp\/v2\/comments?post=152508"}],"version-history":[{"count":0,"href":"https:\/\/linitiative.ca\/International\/wp-json\/wp\/v2\/posts\/152508\/revisions"}],"wp:attachment":[{"href":"https:\/\/linitiative.ca\/International\/wp-json\/wp\/v2\/media?parent=152508"}],"wp:term":[{"taxonomy":"category","embeddable":true,"href":"https:\/\/linitiative.ca\/International\/wp-json\/wp\/v2\/categories?post=152508"},{"taxonomy":"post_tag","embeddable":true,"href":"https:\/\/linitiative.ca\/International\/wp-json\/wp\/v2\/tags?post=152508"}],"curies":[{"name":"wp","href":"https:\/\/api.w.org\/{rel}","templated":true}]}}