{"id":152509,"date":"2022-07-14T16:09:19","date_gmt":"2022-07-14T20:09:19","guid":{"rendered":"https:\/\/linitiative.ca\/International\/tunisie-covid-19-larrivee-des-algeriens-et-le-retour-des-pelerins-ne-represente-aucun-risque-pour-le-pays\/"},"modified":"2022-07-14T16:09:19","modified_gmt":"2022-07-14T20:09:19","slug":"tunisie-covid-19-larrivee-des-algeriens-et-le-retour-des-pelerins-ne-represente-aucun-risque-pour-le-pays","status":"publish","type":"post","link":"https:\/\/linitiative.ca\/International\/tunisie-covid-19-larrivee-des-algeriens-et-le-retour-des-pelerins-ne-represente-aucun-risque-pour-le-pays\/","title":{"rendered":"Tunisie \u2013 Covid 19\u00a0: L\u2019arriv\u00e9e des alg\u00e9riens et le retour des p\u00e8lerins ne repr\u00e9sente aucun risque pour le pays\u00a0!"},"content":{"rendered":"<div>\n<p>Les membre du comit\u00e9 scientifique de lutte contre le covid 19, Mahjoub Aouni, a assur\u00e9, ce jeudi, dans un entretien accord\u00e9 \u00e0 la TAP, que le retour redout\u00e9 des p\u00e8lerins des lieux saints, ainsi que l\u2019arriv\u00e9e de nombreux touristes alg\u00e9riens ne repr\u00e9sentent aucun risque pour la Tunisie et sa situation \u00e9pid\u00e9miologique, dans la mesure o\u00f9 [\u2026]<\/p>\n<p>L\u2019article <a href=\"https:\/\/www.tunisienumerique.com\/tunisie-covid-19-larrivee-des-algeriens-et-le-retour-des-pelerins-ne-represente-aucun-risque-pour-le-pays\/\">Tunisie \u2013 Covid 19\u00a0: L\u2019arriv\u00e9e des alg\u00e9riens et le retour des p\u00e8lerins ne repr\u00e9sente aucun risque pour le pays\u00a0!<\/a> est apparu en premier sur <a href=\"http:\/\/www.tunisienumerique.com\/\">Tunisie<\/a>.<\/p>\n<\/div>\n<p>Auteur: LM<br \/>\n<a href=\"https:\/\/www.tunisienumerique.com\/tunisie-covid-19-larrivee-des-algeriens-et-le-retour-des-pelerins-ne-represente-aucun-risque-pour-le-pays\/\">Cliquez ici pour lire l&rsquo;article depuis sa source.<\/a><\/p>\n","protected":false},"excerpt":{"rendered":"<p>Les membre du comit\u00e9 scientifique de lutte contre le covid 19, Mahjoub Aouni, a assur\u00e9, ce jeudi, dans un entretien accord\u00e9 \u00e0 la TAP, que le retour redout\u00e9 des p\u00e8lerins des lieux saints, ainsi que l\u2019arriv\u00e9e de nombreux touristes alg\u00e9riens ne repr\u00e9sentent aucun risque pour la Tunisie et sa situation \u00e9pid\u00e9miologique, dans la mesure o\u00f9 [&hellip;]<\/p>\n","protected":false},"author":1789,"featured_media":0,"comment_status":"closed","ping_status":"closed","sticky":false,"template":"","format":"standard","meta":{"fifu_image_url":"","fifu_image_alt":"","footnotes":""},"categories":[73,55],"tags":[],"class_list":["post-152509","post","type-post","status-publish","format-standard","hentry","category-actualite","category-tunisie"],"_links":{"self":[{"href":"https:\/\/linitiative.ca\/International\/wp-json\/wp\/v2\/posts\/152509","targetHints":{"allow":["GET"]}}],"collection":[{"href":"https:\/\/linitiative.ca\/International\/wp-json\/wp\/v2\/posts"}],"about":[{"href":"https:\/\/linitiative.ca\/International\/wp-json\/wp\/v2\/types\/post"}],"author":[{"embeddable":true,"href":"https:\/\/linitiative.ca\/International\/wp-json\/wp\/v2\/users\/1789"}],"replies":[{"embeddable":true,"href":"https:\/\/linitiative.ca\/International\/wp-json\/wp\/v2\/comments?post=152509"}],"version-history":[{"count":0,"href":"https:\/\/linitiative.ca\/International\/wp-json\/wp\/v2\/posts\/152509\/revisions"}],"wp:attachment":[{"href":"https:\/\/linitiative.ca\/International\/wp-json\/wp\/v2\/media?parent=152509"}],"wp:term":[{"taxonomy":"category","embeddable":true,"href":"https:\/\/linitiative.ca\/International\/wp-json\/wp\/v2\/categories?post=152509"},{"taxonomy":"post_tag","embeddable":true,"href":"https:\/\/linitiative.ca\/International\/wp-json\/wp\/v2\/tags?post=152509"}],"curies":[{"name":"wp","href":"https:\/\/api.w.org\/{rel}","templated":true}]}}