{"id":152511,"date":"2022-07-14T15:29:50","date_gmt":"2022-07-14T19:29:50","guid":{"rendered":"https:\/\/linitiative.ca\/International\/le-president-bazoum-a-ndjamena-sur-fond-de-crise-securitaire-au-sahel-une-visite-de-raison\/"},"modified":"2022-07-14T15:29:50","modified_gmt":"2022-07-14T19:29:50","slug":"le-president-bazoum-a-ndjamena-sur-fond-de-crise-securitaire-au-sahel-une-visite-de-raison","status":"publish","type":"post","link":"https:\/\/linitiative.ca\/International\/le-president-bazoum-a-ndjamena-sur-fond-de-crise-securitaire-au-sahel-une-visite-de-raison\/","title":{"rendered":"LE PRESIDENT BAZOUM A NDJAMENA SUR FOND DE CRISE SECURITAIRE AU SAHEL : \u00a0Une visite de raison"},"content":{"rendered":"<div>\n<p><img decoding=\"async\" width=\"718\" height=\"445\" src=\"https:\/\/linitiative.ca\/International\/wp-content\/uploads\/sites\/23\/2022\/07\/Bazoum_et_Mahamat_Idrissa_Deby-1.jpg\" class=\"attachment- size- wp-post-image\" alt=\"\" loading=\"lazy\" style=\"float:left; margin:0 15px 15px 0;\" srcset=\"https:\/\/linitiative.ca\/International\/wp-content\/uploads\/sites\/23\/2022\/07\/Bazoum_et_Mahamat_Idrissa_Deby-1.jpg 718w, https:\/\/lepays.bf\/wp-content\/uploads\/2022\/07\/Bazoum_et_Mahamat_Idrissa_Deby-1-300x186.jpg 300w, https:\/\/lepays.bf\/wp-content\/uploads\/2022\/07\/Bazoum_et_Mahamat_Idrissa_Deby-1-150x93.jpg 150w\" sizes=\"auto, (max-width: 718px) 100vw, 718px\">Le pr\u00e9sident nig\u00e9rien, Mohamed Bazoum, est depuis le 12 juillet dernier, en \u00ab\u00a0visite de travail et d\u2019amiti\u00e9\u00a0\u00bb au Tchad pour une dur\u00e9e de 48 heures. Au menu des \u00e9changes avec son homologue tchadien, Mahamat Idriss Deby, les questions s\u00e9curitaires r\u00e9gionales sur fond de recrudescence des [\u2026]<\/p>\n<p>L\u2019article <a rel=\"nofollow\" href=\"https:\/\/lepays.bf\/le-president-bazoum-a-ndjamena-sur-fond-de-crise-securitaire-au-sahel-une-visite-de-raison-2\/\">LE PRESIDENT BAZOUM A NDJAMENA SUR FOND DE CRISE SECURITAIRE AU SAHEL : \u00a0Une visite de raison<\/a> est apparu en premier sur <a rel=\"nofollow\" href=\"https:\/\/lepays.bf\/\">Editions Le Pays<\/a>.<\/p>\n<\/div>\n<p>Auteur: Editions LEPAYS<br \/>\n<a href=\"https:\/\/lepays.bf\/le-president-bazoum-a-ndjamena-sur-fond-de-crise-securitaire-au-sahel-une-visite-de-raison-2\/\">Cliquez ici pour lire l&rsquo;article depuis sa source.<\/a><\/p>\n","protected":false},"excerpt":{"rendered":"<p>Le pr\u00e9sident nig\u00e9rien, Mohamed Bazoum, est depuis le 12 juillet dernier, en \u00ab\u00a0visite de travail et d\u2019amiti\u00e9\u00a0\u00bb au Tchad pour une dur\u00e9e de 48 heures. Au menu des \u00e9changes avec son homologue tchadien, Mahamat Idriss Deby, les questions s\u00e9curitaires r\u00e9gionales sur fond de recrudescence des [\u2026] L\u2019article LE PRESIDENT BAZOUM A NDJAMENA SUR FOND DE [&hellip;]<\/p>\n","protected":false},"author":1813,"featured_media":0,"comment_status":"closed","ping_status":"closed","sticky":false,"template":"","format":"standard","meta":{"fifu_image_url":"https:\/\/lepays.bf\/wp-content\/uploads\/2022\/07\/Bazoum_et_Mahamat_Idrissa_Deby-1.jpg","fifu_image_alt":"LE PRESIDENT BAZOUM A NDJAMENA SUR FOND DE CRISE SECURITAIRE AU SAHEL : \u00a0Une visite de raison","footnotes":""},"categories":[73,81],"tags":[],"class_list":["post-152511","post","type-post","status-publish","format-standard","hentry","category-actualite","category-burkina-faso"],"_links":{"self":[{"href":"https:\/\/linitiative.ca\/International\/wp-json\/wp\/v2\/posts\/152511","targetHints":{"allow":["GET"]}}],"collection":[{"href":"https:\/\/linitiative.ca\/International\/wp-json\/wp\/v2\/posts"}],"about":[{"href":"https:\/\/linitiative.ca\/International\/wp-json\/wp\/v2\/types\/post"}],"author":[{"embeddable":true,"href":"https:\/\/linitiative.ca\/International\/wp-json\/wp\/v2\/users\/1813"}],"replies":[{"embeddable":true,"href":"https:\/\/linitiative.ca\/International\/wp-json\/wp\/v2\/comments?post=152511"}],"version-history":[{"count":0,"href":"https:\/\/linitiative.ca\/International\/wp-json\/wp\/v2\/posts\/152511\/revisions"}],"wp:attachment":[{"href":"https:\/\/linitiative.ca\/International\/wp-json\/wp\/v2\/media?parent=152511"}],"wp:term":[{"taxonomy":"category","embeddable":true,"href":"https:\/\/linitiative.ca\/International\/wp-json\/wp\/v2\/categories?post=152511"},{"taxonomy":"post_tag","embeddable":true,"href":"https:\/\/linitiative.ca\/International\/wp-json\/wp\/v2\/tags?post=152511"}],"curies":[{"name":"wp","href":"https:\/\/api.w.org\/{rel}","templated":true}]}}