{"id":152513,"date":"2022-07-14T15:34:01","date_gmt":"2022-07-14T19:34:01","guid":{"rendered":"https:\/\/linitiative.ca\/International\/macron-pour-un-changement-de-paradigme-dans-la-cooperation-militaire-avec-lafrique-la-france-avait-elle-le-choix\/"},"modified":"2022-07-14T15:34:01","modified_gmt":"2022-07-14T19:34:01","slug":"macron-pour-un-changement-de-paradigme-dans-la-cooperation-militaire-avec-lafrique-la-france-avait-elle-le-choix","status":"publish","type":"post","link":"https:\/\/linitiative.ca\/International\/macron-pour-un-changement-de-paradigme-dans-la-cooperation-militaire-avec-lafrique-la-france-avait-elle-le-choix\/","title":{"rendered":"MACRON POUR UN CHANGEMENT DE PARADIGME DANS LA COOPERATION MILITAIRE AVEC L\u2019AFRIQUE : La France avait-elle le choix\u00a0?"},"content":{"rendered":"<div>\n<p><img decoding=\"async\" width=\"2048\" height=\"1605\" src=\"https:\/\/linitiative.ca\/International\/wp-content\/uploads\/sites\/23\/2022\/07\/Coopearation.jpeg\" class=\"attachment- size- wp-post-image\" alt=\"\" loading=\"lazy\" style=\"float:left; margin:0 15px 15px 0;\" srcset=\"https:\/\/linitiative.ca\/International\/wp-content\/uploads\/sites\/23\/2022\/07\/Coopearation.jpeg 2048w, https:\/\/lepays.bf\/wp-content\/uploads\/2022\/07\/Coopearation-300x235.jpeg 300w, https:\/\/lepays.bf\/wp-content\/uploads\/2022\/07\/Coopearation-1024x803.jpeg 1024w, https:\/\/lepays.bf\/wp-content\/uploads\/2022\/07\/Coopearation-150x118.jpeg 150w, https:\/\/lepays.bf\/wp-content\/uploads\/2022\/07\/Coopearation-768x602.jpeg 768w, https:\/\/lepays.bf\/wp-content\/uploads\/2022\/07\/Coopearation-1536x1204.jpeg 1536w, https:\/\/lepays.bf\/wp-content\/uploads\/2022\/07\/Coopearation-1300x1019.jpeg 1300w\" sizes=\"auto, (max-width: 2048px) 100vw, 2048px\">La France veut changer son fusil d\u2019\u00e9paule en mati\u00e8re de coop\u00e9ration militaire avec l\u2019Afrique. L\u2019annonce en\u00a0 \u00e9t\u00e9 faite par le pr\u00e9sident Emmanuel Macron, \u00e0 l\u2019occasion de son traditionnel discours aux arm\u00e9es, \u00e0 la veille de la c\u00e9l\u00e9bration de la f\u00eate nationale du 14-Juillet. Evoquant, \u00e0 [\u2026]<\/p>\n<p>L\u2019article <a rel=\"nofollow\" href=\"https:\/\/lepays.bf\/macron-pour-un-changement-de-paradigme-dans-la-cooperation-militaire-avec-lafrique-la-france-avait-elle-le-choix\/\">MACRON POUR UN CHANGEMENT DE PARADIGME DANS LA COOPERATION MILITAIRE AVEC L\u2019AFRIQUE : La France avait-elle le choix\u00a0?<\/a> est apparu en premier sur <a rel=\"nofollow\" href=\"https:\/\/lepays.bf\/\">Editions Le Pays<\/a>.<\/p>\n<\/div>\n<p>Auteur: Editions LEPAYS<br \/>\n<a href=\"https:\/\/lepays.bf\/macron-pour-un-changement-de-paradigme-dans-la-cooperation-militaire-avec-lafrique-la-france-avait-elle-le-choix\/\">Cliquez ici pour lire l&rsquo;article depuis sa source.<\/a><\/p>\n","protected":false},"excerpt":{"rendered":"<p>La France veut changer son fusil d\u2019\u00e9paule en mati\u00e8re de coop\u00e9ration militaire avec l\u2019Afrique. L\u2019annonce en\u00a0 \u00e9t\u00e9 faite par le pr\u00e9sident Emmanuel Macron, \u00e0 l\u2019occasion de son traditionnel discours aux arm\u00e9es, \u00e0 la veille de la c\u00e9l\u00e9bration de la f\u00eate nationale du 14-Juillet. Evoquant, \u00e0 [\u2026] L\u2019article MACRON POUR UN CHANGEMENT DE PARADIGME DANS LA [&hellip;]<\/p>\n","protected":false},"author":1813,"featured_media":0,"comment_status":"closed","ping_status":"closed","sticky":false,"template":"","format":"standard","meta":{"fifu_image_url":"https:\/\/lepays.bf\/wp-content\/uploads\/2022\/07\/Coopearation.jpeg","fifu_image_alt":"MACRON POUR UN CHANGEMENT DE PARADIGME DANS LA COOPERATION MILITAIRE AVEC L\u2019AFRIQUE : La France avait-elle le choix\u00a0?","footnotes":""},"categories":[73,81],"tags":[],"class_list":["post-152513","post","type-post","status-publish","format-standard","hentry","category-actualite","category-burkina-faso"],"_links":{"self":[{"href":"https:\/\/linitiative.ca\/International\/wp-json\/wp\/v2\/posts\/152513","targetHints":{"allow":["GET"]}}],"collection":[{"href":"https:\/\/linitiative.ca\/International\/wp-json\/wp\/v2\/posts"}],"about":[{"href":"https:\/\/linitiative.ca\/International\/wp-json\/wp\/v2\/types\/post"}],"author":[{"embeddable":true,"href":"https:\/\/linitiative.ca\/International\/wp-json\/wp\/v2\/users\/1813"}],"replies":[{"embeddable":true,"href":"https:\/\/linitiative.ca\/International\/wp-json\/wp\/v2\/comments?post=152513"}],"version-history":[{"count":0,"href":"https:\/\/linitiative.ca\/International\/wp-json\/wp\/v2\/posts\/152513\/revisions"}],"wp:attachment":[{"href":"https:\/\/linitiative.ca\/International\/wp-json\/wp\/v2\/media?parent=152513"}],"wp:term":[{"taxonomy":"category","embeddable":true,"href":"https:\/\/linitiative.ca\/International\/wp-json\/wp\/v2\/categories?post=152513"},{"taxonomy":"post_tag","embeddable":true,"href":"https:\/\/linitiative.ca\/International\/wp-json\/wp\/v2\/tags?post=152513"}],"curies":[{"name":"wp","href":"https:\/\/api.w.org\/{rel}","templated":true}]}}