{"id":152515,"date":"2022-07-14T15:37:03","date_gmt":"2022-07-14T19:37:03","guid":{"rendered":"https:\/\/linitiative.ca\/International\/suspension-des-rotations-militaires-de-la-minusma-et-si-bamako-allait-plus-loin\/"},"modified":"2022-07-14T15:37:03","modified_gmt":"2022-07-14T19:37:03","slug":"suspension-des-rotations-militaires-de-la-minusma-et-si-bamako-allait-plus-loin","status":"publish","type":"post","link":"https:\/\/linitiative.ca\/International\/suspension-des-rotations-militaires-de-la-minusma-et-si-bamako-allait-plus-loin\/","title":{"rendered":"SUSPENSION DES ROTATIONS MILITAIRES DE LA MINUSMA : Et si Bamako allait plus loin\u2026  \u00a0"},"content":{"rendered":"<div>\n<p><img decoding=\"async\" width=\"664\" height=\"443\" src=\"https:\/\/linitiative.ca\/International\/wp-content\/uploads\/sites\/23\/2022\/07\/SUSPENSION.jpg\" class=\"attachment- size- wp-post-image\" alt=\"\" loading=\"lazy\" style=\"float:left; margin:0 15px 15px 0;\" srcset=\"https:\/\/linitiative.ca\/International\/wp-content\/uploads\/sites\/23\/2022\/07\/SUSPENSION.jpg 664w, https:\/\/lepays.bf\/wp-content\/uploads\/2022\/07\/SUSPENSION-300x200.jpg 300w, https:\/\/lepays.bf\/wp-content\/uploads\/2022\/07\/SUSPENSION-150x100.jpg 150w, https:\/\/lepays.bf\/wp-content\/uploads\/2022\/07\/SUSPENSION-128x86.jpg 128w\" sizes=\"auto, (max-width: 664px) 100vw, 664px\">L\u2019affaire des 49 soldats ivoiriens arr\u00eat\u00e9s et d\u00e9tenus depuis le 10 juillet dernier \u00e0 Bamako, vient de conna\u00eetre un nouveau rebondissement. En effet, alors que l\u2019on assiste \u00e0 une passe d\u2019armes entre les autorit\u00e9s maliennes et ivoiriennes, Bamako annonce la suspension et ce, jusqu\u2019\u00e0 nouvel [\u2026]<\/p>\n<p>L\u2019article <a rel=\"nofollow\" href=\"https:\/\/lepays.bf\/suspension-des-rotations-militaires-de-la-minusma-et-si-bamako-allait-plus-loin\/\">SUSPENSION DES ROTATIONS MILITAIRES DE LA MINUSMA : Et si Bamako allait plus loin\u2026  \u00a0<\/a> est apparu en premier sur <a rel=\"nofollow\" href=\"https:\/\/lepays.bf\/\">Editions Le Pays<\/a>.<\/p>\n<\/div>\n<p>Auteur: Editions LEPAYS<br \/>\n<a href=\"https:\/\/lepays.bf\/suspension-des-rotations-militaires-de-la-minusma-et-si-bamako-allait-plus-loin\/\">Cliquez ici pour lire l&rsquo;article depuis sa source.<\/a><\/p>\n","protected":false},"excerpt":{"rendered":"<p>L\u2019affaire des 49 soldats ivoiriens arr\u00eat\u00e9s et d\u00e9tenus depuis le 10 juillet dernier \u00e0 Bamako, vient de conna\u00eetre un nouveau rebondissement. En effet, alors que l\u2019on assiste \u00e0 une passe d\u2019armes entre les autorit\u00e9s maliennes et ivoiriennes, Bamako annonce la suspension et ce, jusqu\u2019\u00e0 nouvel [\u2026] L\u2019article SUSPENSION DES ROTATIONS MILITAIRES DE LA MINUSMA : [&hellip;]<\/p>\n","protected":false},"author":1813,"featured_media":0,"comment_status":"closed","ping_status":"closed","sticky":false,"template":"","format":"standard","meta":{"fifu_image_url":"https:\/\/lepays.bf\/wp-content\/uploads\/2022\/07\/SUSPENSION.jpg","fifu_image_alt":"SUSPENSION DES ROTATIONS MILITAIRES DE LA MINUSMA : Et si Bamako allait plus loin\u2026  \u00a0","footnotes":""},"categories":[73,81],"tags":[],"class_list":["post-152515","post","type-post","status-publish","format-standard","hentry","category-actualite","category-burkina-faso"],"_links":{"self":[{"href":"https:\/\/linitiative.ca\/International\/wp-json\/wp\/v2\/posts\/152515","targetHints":{"allow":["GET"]}}],"collection":[{"href":"https:\/\/linitiative.ca\/International\/wp-json\/wp\/v2\/posts"}],"about":[{"href":"https:\/\/linitiative.ca\/International\/wp-json\/wp\/v2\/types\/post"}],"author":[{"embeddable":true,"href":"https:\/\/linitiative.ca\/International\/wp-json\/wp\/v2\/users\/1813"}],"replies":[{"embeddable":true,"href":"https:\/\/linitiative.ca\/International\/wp-json\/wp\/v2\/comments?post=152515"}],"version-history":[{"count":0,"href":"https:\/\/linitiative.ca\/International\/wp-json\/wp\/v2\/posts\/152515\/revisions"}],"wp:attachment":[{"href":"https:\/\/linitiative.ca\/International\/wp-json\/wp\/v2\/media?parent=152515"}],"wp:term":[{"taxonomy":"category","embeddable":true,"href":"https:\/\/linitiative.ca\/International\/wp-json\/wp\/v2\/categories?post=152515"},{"taxonomy":"post_tag","embeddable":true,"href":"https:\/\/linitiative.ca\/International\/wp-json\/wp\/v2\/tags?post=152515"}],"curies":[{"name":"wp","href":"https:\/\/api.w.org\/{rel}","templated":true}]}}