{"id":152517,"date":"2022-07-14T15:40:13","date_gmt":"2022-07-14T19:40:13","guid":{"rendered":"https:\/\/linitiative.ca\/International\/rencontre-ado-bedie-gbagbo-en-cote-divoire-les-ivoiriens-en-attendant-beaucoup\/"},"modified":"2022-07-14T15:40:13","modified_gmt":"2022-07-14T19:40:13","slug":"rencontre-ado-bedie-gbagbo-en-cote-divoire-les-ivoiriens-en-attendant-beaucoup","status":"publish","type":"post","link":"https:\/\/linitiative.ca\/International\/rencontre-ado-bedie-gbagbo-en-cote-divoire-les-ivoiriens-en-attendant-beaucoup\/","title":{"rendered":"RENCONTRE ADO-BEDIE-GBAGBO EN COTE D\u2019IVOIRE : Les Ivoiriens en attendant beaucoup"},"content":{"rendered":"<div>\n<p><img decoding=\"async\" width=\"1256\" height=\"628\" src=\"https:\/\/linitiative.ca\/International\/wp-content\/uploads\/sites\/23\/2022\/07\/RCI-3.jpg\" class=\"attachment- size- wp-post-image\" alt=\"\" loading=\"lazy\" style=\"float:left; margin:0 15px 15px 0;\" srcset=\"https:\/\/linitiative.ca\/International\/wp-content\/uploads\/sites\/23\/2022\/07\/RCI-3.jpg 1256w, https:\/\/lepays.bf\/wp-content\/uploads\/2022\/07\/RCI-3-300x150.jpg 300w, https:\/\/lepays.bf\/wp-content\/uploads\/2022\/07\/RCI-3-1024x512.jpg 1024w, https:\/\/lepays.bf\/wp-content\/uploads\/2022\/07\/RCI-3-150x75.jpg 150w, https:\/\/lepays.bf\/wp-content\/uploads\/2022\/07\/RCI-3-768x384.jpg 768w, https:\/\/lepays.bf\/wp-content\/uploads\/2022\/07\/RCI-3-1100x550.jpg 1100w\" sizes=\"auto, (max-width: 1256px) 100vw, 1256px\">La photo a fait le tour du monde entier. Il s\u2019agit de la rencontre entre le pr\u00e9sident Alassane Dramane Ouattara (ADO) et ses pr\u00e9d\u00e9cesseurs que sont Henri Konan B\u00e9di\u00e9 (AKB) et Laurent Gbagbo. C\u2019\u00e9tait le 14 juillet dernier au palais de Cocody \u00e0 Abidjan en [\u2026]<\/p>\n<p>L\u2019article <a rel=\"nofollow\" href=\"https:\/\/lepays.bf\/rencontre-ado-bedie-gbagbo-en-cote-divoire-les-ivoiriens-en-attendant-beaucoup\/\">RENCONTRE ADO-BEDIE-GBAGBO EN COTE D\u2019IVOIRE : Les Ivoiriens en attendant beaucoup<\/a> est apparu en premier sur <a rel=\"nofollow\" href=\"https:\/\/lepays.bf\/\">Editions Le Pays<\/a>.<\/p>\n<\/div>\n<p>Auteur: Editions LEPAYS<br \/>\n<a href=\"https:\/\/lepays.bf\/rencontre-ado-bedie-gbagbo-en-cote-divoire-les-ivoiriens-en-attendant-beaucoup\/\">Cliquez ici pour lire l&rsquo;article depuis sa source.<\/a><\/p>\n","protected":false},"excerpt":{"rendered":"<p>La photo a fait le tour du monde entier. Il s\u2019agit de la rencontre entre le pr\u00e9sident Alassane Dramane Ouattara (ADO) et ses pr\u00e9d\u00e9cesseurs que sont Henri Konan B\u00e9di\u00e9 (AKB) et Laurent Gbagbo. C\u2019\u00e9tait le 14 juillet dernier au palais de Cocody \u00e0 Abidjan en [\u2026] L\u2019article RENCONTRE ADO-BEDIE-GBAGBO EN COTE D\u2019IVOIRE : Les Ivoiriens [&hellip;]<\/p>\n","protected":false},"author":1813,"featured_media":0,"comment_status":"closed","ping_status":"closed","sticky":false,"template":"","format":"standard","meta":{"fifu_image_url":"https:\/\/lepays.bf\/wp-content\/uploads\/2022\/07\/RCI-3.jpg","fifu_image_alt":"RENCONTRE ADO-BEDIE-GBAGBO EN COTE D\u2019IVOIRE : Les Ivoiriens en attendant beaucoup","footnotes":""},"categories":[73,81],"tags":[],"class_list":["post-152517","post","type-post","status-publish","format-standard","hentry","category-actualite","category-burkina-faso"],"_links":{"self":[{"href":"https:\/\/linitiative.ca\/International\/wp-json\/wp\/v2\/posts\/152517","targetHints":{"allow":["GET"]}}],"collection":[{"href":"https:\/\/linitiative.ca\/International\/wp-json\/wp\/v2\/posts"}],"about":[{"href":"https:\/\/linitiative.ca\/International\/wp-json\/wp\/v2\/types\/post"}],"author":[{"embeddable":true,"href":"https:\/\/linitiative.ca\/International\/wp-json\/wp\/v2\/users\/1813"}],"replies":[{"embeddable":true,"href":"https:\/\/linitiative.ca\/International\/wp-json\/wp\/v2\/comments?post=152517"}],"version-history":[{"count":0,"href":"https:\/\/linitiative.ca\/International\/wp-json\/wp\/v2\/posts\/152517\/revisions"}],"wp:attachment":[{"href":"https:\/\/linitiative.ca\/International\/wp-json\/wp\/v2\/media?parent=152517"}],"wp:term":[{"taxonomy":"category","embeddable":true,"href":"https:\/\/linitiative.ca\/International\/wp-json\/wp\/v2\/categories?post=152517"},{"taxonomy":"post_tag","embeddable":true,"href":"https:\/\/linitiative.ca\/International\/wp-json\/wp\/v2\/tags?post=152517"}],"curies":[{"name":"wp","href":"https:\/\/api.w.org\/{rel}","templated":true}]}}