{"id":152537,"date":"2022-07-14T13:13:04","date_gmt":"2022-07-14T17:13:04","guid":{"rendered":"https:\/\/linitiative.ca\/International\/le-milliardaire-americain-jeff-bezos-octroie-pres-de-23-milliards-de-fcfa-au-gabon-pour-la-preservation-des-forets\/"},"modified":"2022-07-14T13:13:04","modified_gmt":"2022-07-14T17:13:04","slug":"le-milliardaire-americain-jeff-bezos-octroie-pres-de-23-milliards-de-fcfa-au-gabon-pour-la-preservation-des-forets","status":"publish","type":"post","link":"https:\/\/linitiative.ca\/International\/le-milliardaire-americain-jeff-bezos-octroie-pres-de-23-milliards-de-fcfa-au-gabon-pour-la-preservation-des-forets\/","title":{"rendered":"Le milliardaire am\u00e9ricain Jeff Bezos octroie pr\u00e8s de 23 milliards de Fcfa au Gabon pour la pr\u00e9servation des for\u00eats"},"content":{"rendered":"<div>\n<p>35\u00a0millions de dollars (22,9\u00a0milliards de FCFA), c\u2019est le montant que Jeff Bezos vient d\u2019accorder au Gabon \u00e0 travers sa fondation Bezos Earth Fund. Une annonce qui intervient alors que l\u2019homme d\u2019affaires est en visite touristique dans ce pays o\u00f9 il a rencontr\u00e9 Ali Bongo.\u00a0\u00a0\u00ab\u2009Un grand moment\u2009! Nous avons discut\u00e9 de la mani\u00e8re la plus efficace de pr\u00e9server le climat, la for\u00eat et la biodiversit\u00e9.\u00a0Le Gabon et le Bezos Earth Fund partagent une m\u00eame vision et ambition\u00a0: l\u00e9guer \u00e0 nos enfants une plan\u00e8te vivable\u2009\u00bb, a r\u00e9agi le pr\u00e9sident gabonais sur twitter.<\/p>\n<p><strong>Lire aussi : <a href=\"https:\/\/ecomatin.net\/energie-electrique-deficit-energetique-changements-climatiques-et-responsabilite-partagee-des-operateurs\/\" target=\"_blank\" rel=\"noreferrer noopener\">Energie \u00e9lectrique\u00a0: d\u00e9ficit \u00e9nerg\u00e9tique, changements climatiques et responsabilit\u00e9 partag\u00e9e des op\u00e9rateurs<\/a><\/strong><\/p>\n<p>Cet argent va permettre au pays b\u00e9n\u00e9ficiaire d\u2019intensifier la gestion des zones humides, des aires prot\u00e9g\u00e9es et marines. La r\u00e9daction d\u2019EcoMatin apprend que cette enveloppe est une partie des\u00a0110\u00a0millions de dollars (71,9\u00a0milliards de FCFA)\u00a0accord\u00e9s par le Bezos Earth Fund\u00a0pour pr\u00e9server les fortes du Bassin du Congo ((Cameroun, la R\u00e9publique centrafricaine, R\u00e9publique d\u00e9mocratique du Congo, Guin\u00e9e \u00e9quatoriale et la R\u00e9publique du Congo).<\/p>\n<p>Pour atteindre ses objectifs, Wcs entend travailler en collaboration avec les gouvernements ainsi que les organisations nationales de protection de l\u2019environnement parmi lesquelles, Tnc (The nature Conservancy), Wwf (World wide fund for nature).<\/p>\n<p><strong>Lire aussi : <a href=\"https:\/\/ecomatin.net\/cameroun-la-bad-veut-renforcer-les-capacites-des-acteurs-sur-les-changements-climatiques\/\" target=\"_blank\" rel=\"noreferrer noopener\">Cameroun : la BAD veut renforcer les capacit\u00e9s des acteurs sur les changements climatiques<\/a><\/strong><\/p>\n<p><strong>Un acteur incontournable des probl\u00e8mes de la nature<\/strong><\/p>\n<p>Ces derni\u00e8res ann\u00e9es, Jeff Bezos, le fondateur d\u2019Amazon, g\u00e9ant du commerce en ligne, est tr\u00e8s actif dans la lutte contre la protection de la nature et les changements climatiques. En f\u00e9vrier 2020, l\u2019homme le plus riche du monde, avec une fortune de 130\u00a0milliards de dollars (120\u00a0milliards d\u2019euros) \u00e9valu\u00e9e par\u00a0<em>Forbes<\/em>, annon\u00e7ait la cr\u00e9ation d\u2019un fonds pour\u00a0\u00ab\u00a0sauver la terre\u00a0\u00bb. 9 mois plus tard, 16 organisations, les tout premiers b\u00e9n\u00e9ficiaires du Bezos Earth Fund\u00a0\u00e0 travers le monde, ont re\u00e7u 791 millions de dollars. Une bonne partie de ce financement \u00e9tait destin\u00e9e\u00a0\u00e0 la\u00a0restauration et la protection des for\u00eats et autres \u00e9cosyst\u00e8mes en Amazonie, en Afrique et en Am\u00e9rique centrale. Tout r\u00e9cemment,\u00a0le milliardaire am\u00e9ricain a annonc\u00e9 qu\u2019il offrait 10 milliards de dollars soit 7, 7% de sa fortune personnelle.<\/p>\n<p><strong>Lire aussi : <a href=\"https:\/\/ecomatin.net\/relance-post-covid-19-les-etats-africains-et-la-banque-mondiale-se-concertent-pour-le-demarrage-de-lida-20\/\" target=\"_blank\" rel=\"noreferrer noopener\">Relance post-covid-19\u00a0: les Etats africains et la Banque mondiale se concertent pour le d\u00e9marrage de l\u2019IDA-20<\/a><\/strong><\/p>\n<p>L\u2019article <a rel=\"nofollow\" href=\"https:\/\/ecomatin.net\/le-milliardaire-americain-jeff-bezos-octroie-pres-de-23-milliards-de-fcfa-au-gabon-pour-la-preservation-des-forets\/\">&lt;strong&gt;Le milliardaire am\u00e9ricain Jeff Bezos octroie pr\u00e8s de 23 milliards de Fcfa au Gabon pour la pr\u00e9servation des for\u00eats&lt;\/strong&gt;<\/a> est apparu en premier sur <a rel=\"nofollow\" href=\"https:\/\/ecomatin.net\/\">EcoMatin<\/a>.<\/p>\n<\/div>\n<p>Auteur: marius zogo<br \/>\n<a href=\"https:\/\/ecomatin.net\/le-milliardaire-americain-jeff-bezos-octroie-pres-de-23-milliards-de-fcfa-au-gabon-pour-la-preservation-des-forets\/\">Cliquez ici pour lire l&rsquo;article depuis sa source.<\/a><\/p>\n","protected":false},"excerpt":{"rendered":"<p>35\u00a0millions de dollars (22,9\u00a0milliards de FCFA), c\u2019est le montant que Jeff Bezos vient d\u2019accorder au Gabon \u00e0 travers sa fondation Bezos Earth Fund. Une annonce qui intervient alors que l\u2019homme d\u2019affaires est en visite touristique dans ce pays o\u00f9 il a rencontr\u00e9 Ali Bongo.\u00a0\u00a0\u00ab\u2009Un grand moment\u2009! Nous avons discut\u00e9 de la mani\u00e8re la plus efficace [&hellip;]<\/p>\n","protected":false},"author":1969,"featured_media":0,"comment_status":"closed","ping_status":"closed","sticky":false,"template":"","format":"standard","meta":{"fifu_image_url":"","fifu_image_alt":"","footnotes":""},"categories":[82,78],"tags":[],"class_list":["post-152537","post","type-post","status-publish","format-standard","hentry","category-cameroun","category-economie"],"_links":{"self":[{"href":"https:\/\/linitiative.ca\/International\/wp-json\/wp\/v2\/posts\/152537","targetHints":{"allow":["GET"]}}],"collection":[{"href":"https:\/\/linitiative.ca\/International\/wp-json\/wp\/v2\/posts"}],"about":[{"href":"https:\/\/linitiative.ca\/International\/wp-json\/wp\/v2\/types\/post"}],"author":[{"embeddable":true,"href":"https:\/\/linitiative.ca\/International\/wp-json\/wp\/v2\/users\/1969"}],"replies":[{"embeddable":true,"href":"https:\/\/linitiative.ca\/International\/wp-json\/wp\/v2\/comments?post=152537"}],"version-history":[{"count":0,"href":"https:\/\/linitiative.ca\/International\/wp-json\/wp\/v2\/posts\/152537\/revisions"}],"wp:attachment":[{"href":"https:\/\/linitiative.ca\/International\/wp-json\/wp\/v2\/media?parent=152537"}],"wp:term":[{"taxonomy":"category","embeddable":true,"href":"https:\/\/linitiative.ca\/International\/wp-json\/wp\/v2\/categories?post=152537"},{"taxonomy":"post_tag","embeddable":true,"href":"https:\/\/linitiative.ca\/International\/wp-json\/wp\/v2\/tags?post=152537"}],"curies":[{"name":"wp","href":"https:\/\/api.w.org\/{rel}","templated":true}]}}