{"id":152561,"date":"2022-07-15T08:08:34","date_gmt":"2022-07-15T12:08:34","guid":{"rendered":"https:\/\/linitiative.ca\/International\/previsions-meteorologiques-pour-le-samedi-16-juillet-2022\/"},"modified":"2022-07-15T08:08:34","modified_gmt":"2022-07-15T12:08:34","slug":"previsions-meteorologiques-pour-le-samedi-16-juillet-2022","status":"publish","type":"post","link":"https:\/\/linitiative.ca\/International\/previsions-meteorologiques-pour-le-samedi-16-juillet-2022\/","title":{"rendered":"Pr\u00e9visions m\u00e9t\u00e9orologiques pour le samedi 16 juillet 2022"},"content":{"rendered":"<div>\n<div style=\"margin-bottom:20px;\"><img loading=\"lazy\" decoding=\"async\" width=\"750\" height=\"430\" src=\"https:\/\/linitiative.ca\/International\/wp-content\/uploads\/sites\/23\/2022\/07\/soleil_mC3A9tC3A9o-3-1.jpg\" class=\"attachment-post-thumbnail size-post-thumbnail wp-post-image\" alt=\"\" srcset=\"https:\/\/linitiative.ca\/International\/wp-content\/uploads\/sites\/23\/2022\/07\/soleil_mC3A9tC3A9o-3-1.jpg 750w, https:\/\/www.mapmarrakech.ma\/map\/uploads\/2022\/07\/soleil_m\u00e9t\u00e9o-3-300x172.jpg 300w\" sizes=\"auto, (max-width: 750px) 100vw, 750px\"><\/div>\n<p align=\"justify\">\u2013 L\u00e9ger rafra\u00eechissement des temp\u00e9ratures maximales sur les plaines int\u00e9rieures, avec persistance du temps assez chaud \u00e0 chaud sur les r\u00e9gions int\u00e9rieures Nord et Centre, le Sud-Est et l\u2019int\u00e9rieur du Souss et des provinces Sud.<\/p>\n<p align=\"justify\">\u2013 Brume ou brouillard par endroits sur les plaines atlantiques, les c\u00f4tes Sud, la rive m\u00e9diterran\u00e9enne et le Nord de l\u2019Oriental.<\/p>\n<p align=\"justify\">\u2013 Ond\u00e9es ou averses orageuses accompagn\u00e9es de rafales sous orages sur le Haut Atlas et ses r\u00e9gions voisines.<\/p>\n<p align=\"justify\">\u2013 Ciel passag\u00e8rement nuageux sur l\u2019Anti-Atlas avec quelques ond\u00e9es \u00e9parses et orages isol\u00e9s.<\/p>\n<p align=\"justify\">\u2013 Chasse-poussi\u00e8res sur les r\u00e9gions Sud et Sud-Est.<\/p>\n<p align=\"justify\">\u2013 Rafales de vent localement assez fortes sur le Tang\u00e9rois et l\u2019Ouest des provinces Sud.<\/p>\n<p align=\"justify\">\u2013 Temp\u00e9ratures minimales de l\u2019ordre de 27\/34\u00b0C sur l\u2019Est des provinces Sud et le Sud-Est, de 24\/30\u00b0C sur les r\u00e9gions Ouest voisines de l\u2019Atlas, l\u2019int\u00e9rieur du Gharb et du Souss, l\u2019Ouest du Rif et le Saiss et de 17\/24\u00b0C partout ailleurs.<\/p>\n<p align=\"justify\">\u2013 Mer belle \u00e0 peu agit\u00e9e en M\u00e9diterran\u00e9e et sur le D\u00e9troit ainsi que peu agit\u00e9e \u00e0 agit\u00e9e le long du littoral atlantique.<\/p>\n<p>The post <a rel=\"nofollow\" href=\"https:\/\/www.mapmarrakech.ma\/fr\/previsions-meteorologiques-pour-le-samedi-16-juillet-2022\/\">Pr\u00e9visions m\u00e9t\u00e9orologiques pour le samedi 16 juillet 2022<\/a> appeared first on <a rel=\"nofollow\" href=\"https:\/\/www.mapmarrakech.ma\/fr\">MapMarrakech<\/a>.<\/p>\n<\/div>\n<p>Auteur: Meriem IGASS<br \/>\n<a href=\"https:\/\/www.mapmarrakech.ma\/fr\/previsions-meteorologiques-pour-le-samedi-16-juillet-2022\/\">Cliquez ici pour lire l&rsquo;article depuis sa source.<\/a><\/p>\n","protected":false},"excerpt":{"rendered":"<p>\u2013 L\u00e9ger rafra\u00eechissement des temp\u00e9ratures maximales sur les plaines int\u00e9rieures, avec persistance du temps assez chaud \u00e0 chaud sur les r\u00e9gions int\u00e9rieures Nord et Centre, le Sud-Est et l\u2019int\u00e9rieur du Souss et des provinces Sud. \u2013 Brume ou brouillard par endroits sur les plaines atlantiques, les c\u00f4tes Sud, la rive m\u00e9diterran\u00e9enne et le Nord de [&hellip;]<\/p>\n","protected":false},"author":1788,"featured_media":0,"comment_status":"closed","ping_status":"closed","sticky":false,"template":"","format":"standard","meta":{"fifu_image_url":"https:\/\/www.mapmarrakech.ma\/map\/uploads\/2022\/07\/soleil_m\u00e9t\u00e9o-3.jpg","fifu_image_alt":"Pr\u00e9visions m\u00e9t\u00e9orologiques pour le samedi 16 juillet 2022","footnotes":""},"categories":[54,76],"tags":[],"class_list":["post-152561","post","type-post","status-publish","format-standard","hentry","category-maroc","category-regions"],"_links":{"self":[{"href":"https:\/\/linitiative.ca\/International\/wp-json\/wp\/v2\/posts\/152561","targetHints":{"allow":["GET"]}}],"collection":[{"href":"https:\/\/linitiative.ca\/International\/wp-json\/wp\/v2\/posts"}],"about":[{"href":"https:\/\/linitiative.ca\/International\/wp-json\/wp\/v2\/types\/post"}],"author":[{"embeddable":true,"href":"https:\/\/linitiative.ca\/International\/wp-json\/wp\/v2\/users\/1788"}],"replies":[{"embeddable":true,"href":"https:\/\/linitiative.ca\/International\/wp-json\/wp\/v2\/comments?post=152561"}],"version-history":[{"count":0,"href":"https:\/\/linitiative.ca\/International\/wp-json\/wp\/v2\/posts\/152561\/revisions"}],"wp:attachment":[{"href":"https:\/\/linitiative.ca\/International\/wp-json\/wp\/v2\/media?parent=152561"}],"wp:term":[{"taxonomy":"category","embeddable":true,"href":"https:\/\/linitiative.ca\/International\/wp-json\/wp\/v2\/categories?post=152561"},{"taxonomy":"post_tag","embeddable":true,"href":"https:\/\/linitiative.ca\/International\/wp-json\/wp\/v2\/tags?post=152561"}],"curies":[{"name":"wp","href":"https:\/\/api.w.org\/{rel}","templated":true}]}}