{"id":152584,"date":"2022-07-15T12:25:14","date_gmt":"2022-07-15T16:25:14","guid":{"rendered":"https:\/\/linitiative.ca\/International\/covid-19-six-nouveaux-deces-et-2-021-cas-dinfection-en-24-heures\/"},"modified":"2022-07-15T12:25:14","modified_gmt":"2022-07-15T16:25:14","slug":"covid-19-six-nouveaux-deces-et-2-021-cas-dinfection-en-24-heures","status":"publish","type":"post","link":"https:\/\/linitiative.ca\/International\/covid-19-six-nouveaux-deces-et-2-021-cas-dinfection-en-24-heures\/","title":{"rendered":"Covid-19 : Six nouveaux d\u00e9c\u00e8s et 2.021 cas d&rsquo;infection en 24 heures"},"content":{"rendered":"<div>\n<div class=\"field field-name-body field-type-text-with-summary field-label-hidden\">\n<div class=\"field-items\">\n<div class=\"field-item even\" property=\"content:encoded\">\n<p class=\"rtejustify\">\u00a0Un total de six nouveaux d\u00e9c\u00e8s li\u00e9s au nouveau coronavirus (Covid-19) a \u00e9t\u00e9 enregistr\u00e9 dans les derni\u00e8res 24 heures au Maroc, a indiqu\u00e9 vendredi le minist\u00e8re de la Sant\u00e9 et de la protection sociale, qui fait \u00e9tat de 16.173 cas de d\u00e9c\u00e8s au total.<\/p>\n<p>Ces d\u00e9c\u00e8s ont \u00e9t\u00e9 recens\u00e9s dans les r\u00e9gions de Souss-Massa(02), B\u00e9ni Mellal- Kh\u00e9nifra (02), Tanger-T\u00e9touan-Al Hoceima (01) et l&rsquo;Oriental (01), a pr\u00e9cis\u00e9 le minist\u00e8re dans son bulletin quotidien sur la situation \u00e9pid\u00e9miologique.<\/p>\n<\/div>\n<\/div>\n<\/div>\n<\/div>\n<p>Auteur: mbasraoui<br \/>\n<a href=\"https:\/\/www.leconomiste.com\/flash-infos\/covid-19-six-nouveaux-deces-et-2-021-cas-d-infection-en-24-heures\">Cliquez ici pour lire l&rsquo;article depuis sa source.<\/a><\/p>\n","protected":false},"excerpt":{"rendered":"<p>\u00a0Un total de six nouveaux d\u00e9c\u00e8s li\u00e9s au nouveau coronavirus (Covid-19) a \u00e9t\u00e9 enregistr\u00e9 dans les derni\u00e8res 24 heures au Maroc, a indiqu\u00e9 vendredi le minist\u00e8re de la Sant\u00e9 et de la protection sociale, qui fait \u00e9tat de 16.173 cas de d\u00e9c\u00e8s au total. Ces d\u00e9c\u00e8s ont \u00e9t\u00e9 recens\u00e9s dans les r\u00e9gions de Souss-Massa(02), B\u00e9ni [&hellip;]<\/p>\n","protected":false},"author":1763,"featured_media":0,"comment_status":"closed","ping_status":"closed","sticky":false,"template":"","format":"standard","meta":{"fifu_image_url":"","fifu_image_alt":"","footnotes":""},"categories":[78,54],"tags":[],"class_list":["post-152584","post","type-post","status-publish","format-standard","hentry","category-economie","category-maroc"],"_links":{"self":[{"href":"https:\/\/linitiative.ca\/International\/wp-json\/wp\/v2\/posts\/152584","targetHints":{"allow":["GET"]}}],"collection":[{"href":"https:\/\/linitiative.ca\/International\/wp-json\/wp\/v2\/posts"}],"about":[{"href":"https:\/\/linitiative.ca\/International\/wp-json\/wp\/v2\/types\/post"}],"author":[{"embeddable":true,"href":"https:\/\/linitiative.ca\/International\/wp-json\/wp\/v2\/users\/1763"}],"replies":[{"embeddable":true,"href":"https:\/\/linitiative.ca\/International\/wp-json\/wp\/v2\/comments?post=152584"}],"version-history":[{"count":0,"href":"https:\/\/linitiative.ca\/International\/wp-json\/wp\/v2\/posts\/152584\/revisions"}],"wp:attachment":[{"href":"https:\/\/linitiative.ca\/International\/wp-json\/wp\/v2\/media?parent=152584"}],"wp:term":[{"taxonomy":"category","embeddable":true,"href":"https:\/\/linitiative.ca\/International\/wp-json\/wp\/v2\/categories?post=152584"},{"taxonomy":"post_tag","embeddable":true,"href":"https:\/\/linitiative.ca\/International\/wp-json\/wp\/v2\/tags?post=152584"}],"curies":[{"name":"wp","href":"https:\/\/api.w.org\/{rel}","templated":true}]}}