{"id":152585,"date":"2022-07-15T09:09:00","date_gmt":"2022-07-15T13:09:00","guid":{"rendered":"https:\/\/linitiative.ca\/International\/real-hazard-est-cette-fois-dans-une-bonne-forme\/"},"modified":"2022-07-15T09:09:00","modified_gmt":"2022-07-15T13:09:00","slug":"real-hazard-est-cette-fois-dans-une-bonne-forme","status":"publish","type":"post","link":"https:\/\/linitiative.ca\/International\/real-hazard-est-cette-fois-dans-une-bonne-forme\/","title":{"rendered":"Real : Hazard est cette fois dans une bonne forme"},"content":{"rendered":"<div>Apr\u00e8s trois ann\u00e9es de gal\u00e8re, l\u2019ailier Eden Hazard (31 ans) compte bien mettre toutes les chances de son c\u00f4t\u00e9 pour enfin lancer son aventure au Real Madrid<\/div>\n<p>Auteur:<br \/>\n<a href=\"https:\/\/www.lebuteur.com\/article\/detail?titre=real-hazard-est-cette-fois-dans-une-bonne-forme&#038;id=103122\">Cliquez ici pour lire l&rsquo;article depuis sa source.<\/a><\/p>\n","protected":false},"excerpt":{"rendered":"<p>Apr\u00e8s trois ann\u00e9es de gal\u00e8re, l\u2019ailier Eden Hazard (31 ans) compte bien mettre toutes les chances de son c\u00f4t\u00e9 pour enfin lancer son aventure au Real Madrid Auteur: Cliquez ici pour lire l&rsquo;article depuis sa source.<\/p>\n","protected":false},"author":1738,"featured_media":0,"comment_status":"closed","ping_status":"closed","sticky":false,"template":"","format":"standard","meta":{"fifu_image_url":"","fifu_image_alt":"","footnotes":""},"categories":[53,75],"tags":[],"class_list":["post-152585","post","type-post","status-publish","format-standard","hentry","category-algerie","category-sport"],"_links":{"self":[{"href":"https:\/\/linitiative.ca\/International\/wp-json\/wp\/v2\/posts\/152585","targetHints":{"allow":["GET"]}}],"collection":[{"href":"https:\/\/linitiative.ca\/International\/wp-json\/wp\/v2\/posts"}],"about":[{"href":"https:\/\/linitiative.ca\/International\/wp-json\/wp\/v2\/types\/post"}],"author":[{"embeddable":true,"href":"https:\/\/linitiative.ca\/International\/wp-json\/wp\/v2\/users\/1738"}],"replies":[{"embeddable":true,"href":"https:\/\/linitiative.ca\/International\/wp-json\/wp\/v2\/comments?post=152585"}],"version-history":[{"count":0,"href":"https:\/\/linitiative.ca\/International\/wp-json\/wp\/v2\/posts\/152585\/revisions"}],"wp:attachment":[{"href":"https:\/\/linitiative.ca\/International\/wp-json\/wp\/v2\/media?parent=152585"}],"wp:term":[{"taxonomy":"category","embeddable":true,"href":"https:\/\/linitiative.ca\/International\/wp-json\/wp\/v2\/categories?post=152585"},{"taxonomy":"post_tag","embeddable":true,"href":"https:\/\/linitiative.ca\/International\/wp-json\/wp\/v2\/tags?post=152585"}],"curies":[{"name":"wp","href":"https:\/\/api.w.org\/{rel}","templated":true}]}}