{"id":152588,"date":"2022-07-15T08:09:52","date_gmt":"2022-07-15T12:09:52","guid":{"rendered":"https:\/\/linitiative.ca\/International\/142869-plusieurs-activites-au-menu-de-la-visite-du-president-de-la-caf-patrice-motsepe-a-alger\/"},"modified":"2022-07-15T08:09:52","modified_gmt":"2022-07-15T12:09:52","slug":"142869-plusieurs-activites-au-menu-de-la-visite-du-president-de-la-caf-patrice-motsepe-a-alger","status":"publish","type":"post","link":"https:\/\/linitiative.ca\/International\/142869-plusieurs-activites-au-menu-de-la-visite-du-president-de-la-caf-patrice-motsepe-a-alger\/","title":{"rendered":"Plusieurs activit\u00e9s au menu de la visite du pr\u00e9sident de la CAF Patrice Motsepe \u00e0 Alger"},"content":{"rendered":"<div>\n<div class=\"K2FeedIntroText\">\n<p><strong>ALGER &#8211; Le pr\u00e9sident de la Conf\u00e9d\u00e9ration africaine de football (CAF) le Dr Patrice Motsepe, attendu samedi \u00e0 Alger pour une visite officielle de travail, effectuera plusieurs activit\u00e9s durant son s\u00e9jour, avec notamment un programme de visites dans quelques infrastructures au niveau de la capitale, a annonc\u00e9 la F\u00e9d\u00e9ration alg\u00e9rienne (FAF) jeudi soir dans un communiqu\u00e9 publi\u00e9 sur son site officiel.<\/strong><\/p>\n<\/div>\n<div class=\"K2FeedFullText\">\n<p>\u00ab\u00a0Lors de son s\u00e9jour alg\u00e9rois qui s&rsquo;\u00e9talera jusqu&rsquo;\u00e0 dimanche, Dr Motsepe aura des audiences avec des officiels et un programme de visites dans quelques infrastructures au niveau de la capitale. Comme il aura des pourparlers avec le nouveau Pr\u00e9sident de la FAF Djahid Zefizef et les membres du Bureau F\u00e9d\u00e9ral autour de plusieurs questions importantes, notamment le CHAN-Alg\u00e9rie 2022, qu\u2019accueillera notre pays en d\u00e9but d\u2019ann\u00e9e prochaine (13 janvier &#8211; 4 f\u00e9vrier), la CAN U17 en mars 2023 et bien d&rsquo;autres sujets\u00a0\u00bb, a indiqu\u00e9 l&rsquo;instance f\u00e9d\u00e9rale.<\/p>\n<p>Il s&rsquo;agit de la premi\u00e8re visite officielle du patron de la CAF en Alg\u00e9rie, depuis son \u00e9lection en mars 2021, en remplacement du Malgache Ahmad Ahmad.<\/p>\n<p>\u00ab\u00a0Le Pr\u00e9sident de la CAF, qui sera accompagn\u00e9 par son secr\u00e9taire g\u00e9n\u00e9ral, Veron Mosengo-Omba, le vice-pr\u00e9sident de cette instance, Seidou Mbombo Nchouwa Njoya, et le pr\u00e9sident de l&rsquo;Union nord-africaine de football (UNAF) et membre du Comit\u00e9 ex\u00e9cutif de la CAF, Abdelhakim Chelmani, sera re\u00e7u par le pr\u00e9sident de la FAF, Djahid Zefizef et les membres de son bureau f\u00e9d\u00e9ral\u00a0\u00bb, pr\u00e9cise la FAF.<\/p>\n<p>Alger sera la derni\u00e8re \u00e9tape de la tourn\u00e9e africaine effectu\u00e9e par le pr\u00e9sident de la CAF, entam\u00e9e mercredi en Ethiopie, et qui s&rsquo;est poursuivie jeudi \u00e0 Juba au Soudan du Sud et \u00e0 Kampala en Ouganda. Il est attendu vendredi aux Seychelles.<\/p>\n<p>\u00ab\u00a0Les visites de travail font partie des efforts du Dr Motsepe pour engager et favoriser des relations plus \u00e9troites entre les gouvernements, le monde des affaires et les dirigeants du football sur le continent afin de d\u00e9velopper le football en Afrique\u00a0\u00bb, souligne l&rsquo;instance africaine dans un communiqu\u00e9 publi\u00e9 sur son site officiel.<\/p>\n<p>\u00a0<\/p>\n<\/div>\n<\/div>\n<p>Auteur:<br \/>\n<a href=\"https:\/\/www.aps.dz\/sport\/142869-plusieurs-activites-au-menu-de-la-visite-du-president-de-la-caf-patrice-motsepe-a-alger\">Cliquez ici pour lire l&rsquo;article depuis sa source.<\/a><\/p>\n","protected":false},"excerpt":{"rendered":"<p>ALGER &#8211; Le pr\u00e9sident de la Conf\u00e9d\u00e9ration africaine de football (CAF) le Dr Patrice Motsepe, attendu samedi \u00e0 Alger pour une visite officielle de travail, effectuera plusieurs activit\u00e9s durant son s\u00e9jour, avec notamment un programme de visites dans quelques infrastructures au niveau de la capitale, a annonc\u00e9 la F\u00e9d\u00e9ration alg\u00e9rienne (FAF) jeudi soir dans un [&hellip;]<\/p>\n","protected":false},"author":1790,"featured_media":0,"comment_status":"closed","ping_status":"closed","sticky":false,"template":"","format":"standard","meta":{"fifu_image_url":"","fifu_image_alt":"","footnotes":""},"categories":[53,75],"tags":[],"class_list":["post-152588","post","type-post","status-publish","format-standard","hentry","category-algerie","category-sport"],"_links":{"self":[{"href":"https:\/\/linitiative.ca\/International\/wp-json\/wp\/v2\/posts\/152588","targetHints":{"allow":["GET"]}}],"collection":[{"href":"https:\/\/linitiative.ca\/International\/wp-json\/wp\/v2\/posts"}],"about":[{"href":"https:\/\/linitiative.ca\/International\/wp-json\/wp\/v2\/types\/post"}],"author":[{"embeddable":true,"href":"https:\/\/linitiative.ca\/International\/wp-json\/wp\/v2\/users\/1790"}],"replies":[{"embeddable":true,"href":"https:\/\/linitiative.ca\/International\/wp-json\/wp\/v2\/comments?post=152588"}],"version-history":[{"count":0,"href":"https:\/\/linitiative.ca\/International\/wp-json\/wp\/v2\/posts\/152588\/revisions"}],"wp:attachment":[{"href":"https:\/\/linitiative.ca\/International\/wp-json\/wp\/v2\/media?parent=152588"}],"wp:term":[{"taxonomy":"category","embeddable":true,"href":"https:\/\/linitiative.ca\/International\/wp-json\/wp\/v2\/categories?post=152588"},{"taxonomy":"post_tag","embeddable":true,"href":"https:\/\/linitiative.ca\/International\/wp-json\/wp\/v2\/tags?post=152588"}],"curies":[{"name":"wp","href":"https:\/\/api.w.org\/{rel}","templated":true}]}}