{"id":152590,"date":"2022-07-15T13:22:33","date_gmt":"2022-07-15T17:22:33","guid":{"rendered":"https:\/\/linitiative.ca\/International\/142876-hand-can-2022-1-4-de-finale-qualification-historique-du-cap-vert-devant-l-angola-24-23\/"},"modified":"2022-07-15T13:22:33","modified_gmt":"2022-07-15T17:22:33","slug":"142876-hand-can-2022-1-4-de-finale-qualification-historique-du-cap-vert-devant-l-angola-24-23","status":"publish","type":"post","link":"https:\/\/linitiative.ca\/International\/142876-hand-can-2022-1-4-de-finale-qualification-historique-du-cap-vert-devant-l-angola-24-23\/","title":{"rendered":"Hand\/ CAN-2022 (1\/4 de finale) : qualification historique du Cap Vert devant l&rsquo;Angola (24-23)"},"content":{"rendered":"<div>\n<div class=\"K2FeedIntroText\">\n<p><strong>LE CAIRE &#8211; La s\u00e9lection capverdienne de handball s&rsquo;est qualifi\u00e9e pour la premi\u00e8re fois de histoire aux demi-finales de la Coupe d&rsquo;Afrique des nations (CAN-2022), en s&rsquo;imposant devant l&rsquo;Angola sur le score de 24 \u00e0 23, (mi-temps: 13-12), vendredi \u00e0 la salle Hassan-Mustapha au Caire (Egypte).<\/strong><\/p>\n<\/div>\n<div class=\"K2FeedFullText\">\n<p>En demi-finale, pr\u00e9vue samedi (16h30), le Cap Vert sera oppos\u00e9 au Maroc, qui a battu plus t\u00f4t ce vendredi la Guin\u00e9e 28 \u00e0 24.<\/p>\n<p>L&rsquo;autre demi-finale mettra aux prises la Tunisie, qui s&rsquo;est difficilement qualifi\u00e9e devant la RD Congo (39-34) apr\u00e8s prolongation, au vainqueur du dernier quart de finale opposant l&rsquo;Egypte (tenante) \u00e0 l&rsquo;Alg\u00e9rie \u00e0 partir de 19h00.\u00a0\u00a0<\/p>\n<p>Les demi-finales se joueront samedi, alors que la finale est fix\u00e9e au lundi 18 juillet. Les cinq premiers du classement final repr\u00e9senteront l&rsquo;Afrique au Mondial-2023 pr\u00e9vu en Pologne et en Su\u00e8de du 11 au 29 janvier.<\/p>\n<p>\u00a0<\/p>\n<p>R\u00e9sultats des quarts de finales :<\/p>\n<p>Guin\u00e9e &#8211; Maroc\u00a0\u00a0\u00a0\u00a0\u00a0\u00a0\u00a0\u00a0\u00a0\u00a0\u00a0\u00a0\u00a0\u00a0\u00a0\u00a0\u00a0\u00a0\u00a0\u00a0\u00a0\u00a0\u00a0\u00a0\u00a0\u00a0\u00a0\u00a0\u00a0\u00a0 \u00a0\u00a0\u00a0\u00a0\u00a0\u00a0 24-28 \u00a0\u00a0\u00a0\u00a0\u00a0\u00a0\u00a0\u00a0\u00a0\u00a0\u00a0<\/p>\n<p>Tunisie &#8211; RD Congo\u00a0\u00a0\u00a0\u00a0\u00a0\u00a0\u00a0\u00a0 39-34 (apr\u00e8s prolongation)<\/p>\n<p>Angola &#8211; Cap Vert\u00a0\u00a0\u00a0 \u00a0\u00a0\u00a0\u00a0\u00a0\u00a0\u00a0 23-24<\/p>\n<p>Egypte &#8211; Alg\u00e9rie \u00a0\u00a0\u00a0\u00a0\u00a0\u00a0\u00a0\u00a0\u00a0\u00a0\u00a0\u00a0\u00a0\u00a0\u00a0\u00a0\u00a0\u00a0\u00a0\u00a0\u00a0\u00a0\u00a0\u00a0\u00a0\u00a0\u00a0\u00a0\u00a0 (19h00)<\/p>\n<p>\u00a0<\/p>\n<p>Demi-finales: 16 juillet:<\/p>\n<p>\u00a0<\/p>\n<p>Finale et match de classement: 18 Juillet.<\/p>\n<\/div>\n<\/div>\n<p>Auteur:<br \/>\n<a href=\"https:\/\/www.aps.dz\/sport\/142876-hand-can-2022-1-4-de-finale-qualification-historique-du-cap-vert-devant-l-angola-24-23\">Cliquez ici pour lire l&rsquo;article depuis sa source.<\/a><\/p>\n","protected":false},"excerpt":{"rendered":"<p>LE CAIRE &#8211; La s\u00e9lection capverdienne de handball s&rsquo;est qualifi\u00e9e pour la premi\u00e8re fois de histoire aux demi-finales de la Coupe d&rsquo;Afrique des nations (CAN-2022), en s&rsquo;imposant devant l&rsquo;Angola sur le score de 24 \u00e0 23, (mi-temps: 13-12), vendredi \u00e0 la salle Hassan-Mustapha au Caire (Egypte). En demi-finale, pr\u00e9vue samedi (16h30), le Cap Vert sera [&hellip;]<\/p>\n","protected":false},"author":1790,"featured_media":0,"comment_status":"closed","ping_status":"closed","sticky":false,"template":"","format":"standard","meta":{"fifu_image_url":"","fifu_image_alt":"","footnotes":""},"categories":[53,75],"tags":[],"class_list":["post-152590","post","type-post","status-publish","format-standard","hentry","category-algerie","category-sport"],"_links":{"self":[{"href":"https:\/\/linitiative.ca\/International\/wp-json\/wp\/v2\/posts\/152590","targetHints":{"allow":["GET"]}}],"collection":[{"href":"https:\/\/linitiative.ca\/International\/wp-json\/wp\/v2\/posts"}],"about":[{"href":"https:\/\/linitiative.ca\/International\/wp-json\/wp\/v2\/types\/post"}],"author":[{"embeddable":true,"href":"https:\/\/linitiative.ca\/International\/wp-json\/wp\/v2\/users\/1790"}],"replies":[{"embeddable":true,"href":"https:\/\/linitiative.ca\/International\/wp-json\/wp\/v2\/comments?post=152590"}],"version-history":[{"count":0,"href":"https:\/\/linitiative.ca\/International\/wp-json\/wp\/v2\/posts\/152590\/revisions"}],"wp:attachment":[{"href":"https:\/\/linitiative.ca\/International\/wp-json\/wp\/v2\/media?parent=152590"}],"wp:term":[{"taxonomy":"category","embeddable":true,"href":"https:\/\/linitiative.ca\/International\/wp-json\/wp\/v2\/categories?post=152590"},{"taxonomy":"post_tag","embeddable":true,"href":"https:\/\/linitiative.ca\/International\/wp-json\/wp\/v2\/tags?post=152590"}],"curies":[{"name":"wp","href":"https:\/\/api.w.org\/{rel}","templated":true}]}}