{"id":152594,"date":"2022-07-15T06:36:00","date_gmt":"2022-07-15T10:36:00","guid":{"rendered":"https:\/\/linitiative.ca\/International\/le-pouvoir-politique-tunisien-face-lugtt-un-conflit-latent\/"},"modified":"2022-07-15T06:36:00","modified_gmt":"2022-07-15T10:36:00","slug":"le-pouvoir-politique-tunisien-face-lugtt-un-conflit-latent","status":"publish","type":"post","link":"https:\/\/linitiative.ca\/International\/le-pouvoir-politique-tunisien-face-lugtt-un-conflit-latent\/","title":{"rendered":"Le pouvoir politique tunisien face l&rsquo;UGTT: Un conflit latent"},"content":{"rendered":"<div><img decoding=\"async\" src=\"https:\/\/linitiative.ca\/International\/wp-content\/uploads\/sites\/23\/2022\/07\/1657878233_article.jpg\" alt=\"Le pouvoir politique tunisien face l\" ugtt: un conflit latent align=\"left\">Par Habib Touhami &#8211; Le diff\u00e9rend qui oppose actuellement le Pr\u00e9sident Ka\u00efs Sa\u00efd \u00e0 l\u2019Ugtt est somme toute dans l\u2019ordre des choses. Ce n\u2019est d\u2019ailleurs pas une nouveaut\u00e9 dans l\u2019histoire de la Tunisie ind\u00e9pendante. Depuis 1956, le pouvoir politique tunisien n\u2019a jamais cess\u00e9 d\u2019essayer de mettre au pas une centrale syndicale qu\u2019il estime, selon le moment, excessivement \u00ab dominatrice \u00bb, trop contrariante ou dangereusement\u00a0 repr\u00e9sentative. La raison profonde de ce conflit est que le seul contre-pouvoir r\u00e9el qui n\u2019ait jamais exist\u00e9 en Tunisie est celui exerc\u00e9 par l\u2019Ugtt et aucun pouvoir politique de quelque couleur que ce soit ne l\u2019a loyalement admis, pas plus &#8230;<\/p>\n<\/div>\n<p>Auteur:<br \/>\n<a href=\"https:\/\/www.leaders.com.tn\/article\/33615-le-pouvoir-politique-tunisien-face-l-ugtt-un-conflit-latent\">Cliquez ici pour lire l&rsquo;article depuis sa source.<\/a><\/p>\n","protected":false},"excerpt":{"rendered":"<p>Par Habib Touhami &#8211; Le diff\u00e9rend qui oppose actuellement le Pr\u00e9sident Ka\u00efs Sa\u00efd \u00e0 l\u2019Ugtt est somme toute dans l\u2019ordre des choses. Ce n\u2019est d\u2019ailleurs pas une nouveaut\u00e9 dans l\u2019histoire de la Tunisie ind\u00e9pendante. Depuis 1956, le pouvoir politique tunisien n\u2019a jamais cess\u00e9 d\u2019essayer de mettre au pas une centrale syndicale qu\u2019il estime, selon le [&hellip;]<\/p>\n","protected":false},"author":1772,"featured_media":0,"comment_status":"closed","ping_status":"closed","sticky":false,"template":"","format":"standard","meta":{"fifu_image_url":"http:\/\/www.leaders.com.tn\/uploads\/content\/thumbnails_small\/1657878233_article.jpg","fifu_image_alt":"<div>Le pouvoir politique tunisien face l'UGTT: Un conflit latent<\/div>","footnotes":""},"categories":[73,55],"tags":[],"class_list":["post-152594","post","type-post","status-publish","format-standard","hentry","category-actualite","category-tunisie"],"_links":{"self":[{"href":"https:\/\/linitiative.ca\/International\/wp-json\/wp\/v2\/posts\/152594","targetHints":{"allow":["GET"]}}],"collection":[{"href":"https:\/\/linitiative.ca\/International\/wp-json\/wp\/v2\/posts"}],"about":[{"href":"https:\/\/linitiative.ca\/International\/wp-json\/wp\/v2\/types\/post"}],"author":[{"embeddable":true,"href":"https:\/\/linitiative.ca\/International\/wp-json\/wp\/v2\/users\/1772"}],"replies":[{"embeddable":true,"href":"https:\/\/linitiative.ca\/International\/wp-json\/wp\/v2\/comments?post=152594"}],"version-history":[{"count":0,"href":"https:\/\/linitiative.ca\/International\/wp-json\/wp\/v2\/posts\/152594\/revisions"}],"wp:attachment":[{"href":"https:\/\/linitiative.ca\/International\/wp-json\/wp\/v2\/media?parent=152594"}],"wp:term":[{"taxonomy":"category","embeddable":true,"href":"https:\/\/linitiative.ca\/International\/wp-json\/wp\/v2\/categories?post=152594"},{"taxonomy":"post_tag","embeddable":true,"href":"https:\/\/linitiative.ca\/International\/wp-json\/wp\/v2\/tags?post=152594"}],"curies":[{"name":"wp","href":"https:\/\/api.w.org\/{rel}","templated":true}]}}