{"id":152604,"date":"2022-07-15T14:06:09","date_gmt":"2022-07-15T18:06:09","guid":{"rendered":"https:\/\/linitiative.ca\/International\/fondation-auto-hall-fouad-laroui-explique-son-livre-plaidoyer-pour-les-arabes\/"},"modified":"2022-07-15T14:06:09","modified_gmt":"2022-07-15T18:06:09","slug":"fondation-auto-hall-fouad-laroui-explique-son-livre-plaidoyer-pour-les-arabes","status":"publish","type":"post","link":"https:\/\/linitiative.ca\/International\/fondation-auto-hall-fouad-laroui-explique-son-livre-plaidoyer-pour-les-arabes\/","title":{"rendered":"Fondation Auto Hall. Fouad Laroui explique son livre \u00abPlaidoyer pour les Arabes\u00bb"},"content":{"rendered":"<div><img decoding=\"async\" width=\"600\" height=\"347\" src=\"https:\/\/linitiative.ca\/International\/wp-content\/uploads\/sites\/23\/2022\/07\/Ouverture-Laroui-600-x-347.jpg\" class=\"attachment-post-thumbnail size-post-thumbnail wp-post-image\" alt=\"\" loading=\"lazy\" srcset=\"https:\/\/linitiative.ca\/International\/wp-content\/uploads\/sites\/23\/2022\/07\/Ouverture-Laroui-600-x-347.jpg 600w, https:\/\/www.challenge.ma\/wp-content\/uploads\/2022\/07\/Ouverture-Laroui-600-x-347-300x174.jpg 300w, https:\/\/www.challenge.ma\/wp-content\/uploads\/2022\/07\/Ouverture-Laroui-600-x-347-360x208.jpg 360w\" sizes=\"auto, (max-width: 600px) 100vw, 600px\" itemprop=\"image\">Dans le cadre du premier centenaire d\u2019Auto Hall, Lalla Noufissa El Yacoubi, Pr\u00e9sidente de la Fondation Auto Hall, et Abdellatif Guerraoui, Pr\u00e9sident d\u2019Auto Hall, ont convi\u00e9 le 14 juillet courant un parterre d\u2019invit\u00e9s \u00e0 assister \u00e0 une conf\u00e9rence de belle facture anim\u00e9e par Fouad Laroui autour de son livre \u00abPlaidoyer<\/div>\n<p>Auteur: David J\u00e9r\u00e9mie<br \/>\n<a href=\"https:\/\/www.challenge.ma\/fondation-auto-hall-fouad-laroui-explique-son-livre-plaidoyer-pour-les-arabes-242495\/\">Cliquez ici pour lire l&rsquo;article depuis sa source.<\/a><\/p>\n","protected":false},"excerpt":{"rendered":"<p>Dans le cadre du premier centenaire d\u2019Auto Hall, Lalla Noufissa El Yacoubi, Pr\u00e9sidente de la Fondation Auto Hall, et Abdellatif Guerraoui, Pr\u00e9sident d\u2019Auto Hall, ont convi\u00e9 le 14 juillet courant un parterre d\u2019invit\u00e9s \u00e0 assister \u00e0 une conf\u00e9rence de belle facture anim\u00e9e par Fouad Laroui autour de son livre \u00abPlaidoyer Auteur: David J\u00e9r\u00e9mie Cliquez ici [&hellip;]<\/p>\n","protected":false},"author":1787,"featured_media":0,"comment_status":"closed","ping_status":"closed","sticky":false,"template":"","format":"standard","meta":{"fifu_image_url":"https:\/\/www.challenge.ma\/wp-content\/uploads\/2022\/07\/Ouverture-Laroui-600-x-347.jpg","fifu_image_alt":"Fondation Auto Hall. Fouad Laroui explique son livre \u00abPlaidoyer pour les Arabes\u00bb","footnotes":""},"categories":[78,54],"tags":[],"class_list":["post-152604","post","type-post","status-publish","format-standard","hentry","category-economie","category-maroc"],"_links":{"self":[{"href":"https:\/\/linitiative.ca\/International\/wp-json\/wp\/v2\/posts\/152604","targetHints":{"allow":["GET"]}}],"collection":[{"href":"https:\/\/linitiative.ca\/International\/wp-json\/wp\/v2\/posts"}],"about":[{"href":"https:\/\/linitiative.ca\/International\/wp-json\/wp\/v2\/types\/post"}],"author":[{"embeddable":true,"href":"https:\/\/linitiative.ca\/International\/wp-json\/wp\/v2\/users\/1787"}],"replies":[{"embeddable":true,"href":"https:\/\/linitiative.ca\/International\/wp-json\/wp\/v2\/comments?post=152604"}],"version-history":[{"count":0,"href":"https:\/\/linitiative.ca\/International\/wp-json\/wp\/v2\/posts\/152604\/revisions"}],"wp:attachment":[{"href":"https:\/\/linitiative.ca\/International\/wp-json\/wp\/v2\/media?parent=152604"}],"wp:term":[{"taxonomy":"category","embeddable":true,"href":"https:\/\/linitiative.ca\/International\/wp-json\/wp\/v2\/categories?post=152604"},{"taxonomy":"post_tag","embeddable":true,"href":"https:\/\/linitiative.ca\/International\/wp-json\/wp\/v2\/tags?post=152604"}],"curies":[{"name":"wp","href":"https:\/\/api.w.org\/{rel}","templated":true}]}}