{"id":152607,"date":"2022-07-15T16:08:04","date_gmt":"2022-07-15T20:08:04","guid":{"rendered":"https:\/\/linitiative.ca\/International\/tunisie-date-de-debut-des-soldes-dete\/"},"modified":"2022-07-15T16:08:04","modified_gmt":"2022-07-15T20:08:04","slug":"tunisie-date-de-debut-des-soldes-dete","status":"publish","type":"post","link":"https:\/\/linitiative.ca\/International\/tunisie-date-de-debut-des-soldes-dete\/","title":{"rendered":"Tunisie \u2013 Date de d\u00e9but des soldes d\u2019\u00e9t\u00e9"},"content":{"rendered":"<div>\n<p>Il est attendu que la saison des soldes d\u2019\u00e9t\u00e9 d\u00e9but\u00e9 le premier ao\u00fbt prochain. C\u2019est ce qu\u2019a d\u00e9clar\u00e9, \u00e0 la TAP, le directeur r\u00e9gional de commerce \u00e0 Tunis. Il a ajout\u00e9 qu\u2019une coordination avec les commer\u00e7ants est n\u00e9cessaire avant d\u2019annoncer officiellement cette date.<\/p>\n<p>L\u2019article <a href=\"https:\/\/www.tunisienumerique.com\/tunisie-date-de-debut-des-soldes-dete\/\">Tunisie \u2013 Date de d\u00e9but des soldes d\u2019\u00e9t\u00e9<\/a> est apparu en premier sur <a href=\"https:\/\/www.tunisienumerique.com\/\">Tunisie<\/a>.<\/p>\n<\/div>\n<p>Auteur: LM<br \/>\n<a href=\"https:\/\/www.tunisienumerique.com\/tunisie-date-de-debut-des-soldes-dete\/\">Cliquez ici pour lire l&rsquo;article depuis sa source.<\/a><\/p>\n","protected":false},"excerpt":{"rendered":"<p>Il est attendu que la saison des soldes d\u2019\u00e9t\u00e9 d\u00e9but\u00e9 le premier ao\u00fbt prochain. C\u2019est ce qu\u2019a d\u00e9clar\u00e9, \u00e0 la TAP, le directeur r\u00e9gional de commerce \u00e0 Tunis. Il a ajout\u00e9 qu\u2019une coordination avec les commer\u00e7ants est n\u00e9cessaire avant d\u2019annoncer officiellement cette date. L\u2019article Tunisie \u2013 Date de d\u00e9but des soldes d\u2019\u00e9t\u00e9 est apparu en [&hellip;]<\/p>\n","protected":false},"author":1789,"featured_media":0,"comment_status":"closed","ping_status":"closed","sticky":false,"template":"","format":"standard","meta":{"fifu_image_url":"","fifu_image_alt":"","footnotes":""},"categories":[73,55],"tags":[],"class_list":["post-152607","post","type-post","status-publish","format-standard","hentry","category-actualite","category-tunisie"],"_links":{"self":[{"href":"https:\/\/linitiative.ca\/International\/wp-json\/wp\/v2\/posts\/152607","targetHints":{"allow":["GET"]}}],"collection":[{"href":"https:\/\/linitiative.ca\/International\/wp-json\/wp\/v2\/posts"}],"about":[{"href":"https:\/\/linitiative.ca\/International\/wp-json\/wp\/v2\/types\/post"}],"author":[{"embeddable":true,"href":"https:\/\/linitiative.ca\/International\/wp-json\/wp\/v2\/users\/1789"}],"replies":[{"embeddable":true,"href":"https:\/\/linitiative.ca\/International\/wp-json\/wp\/v2\/comments?post=152607"}],"version-history":[{"count":0,"href":"https:\/\/linitiative.ca\/International\/wp-json\/wp\/v2\/posts\/152607\/revisions"}],"wp:attachment":[{"href":"https:\/\/linitiative.ca\/International\/wp-json\/wp\/v2\/media?parent=152607"}],"wp:term":[{"taxonomy":"category","embeddable":true,"href":"https:\/\/linitiative.ca\/International\/wp-json\/wp\/v2\/categories?post=152607"},{"taxonomy":"post_tag","embeddable":true,"href":"https:\/\/linitiative.ca\/International\/wp-json\/wp\/v2\/tags?post=152607"}],"curies":[{"name":"wp","href":"https:\/\/api.w.org\/{rel}","templated":true}]}}