{"id":152609,"date":"2022-07-15T16:25:44","date_gmt":"2022-07-15T20:25:44","guid":{"rendered":"https:\/\/linitiative.ca\/International\/tunisie-menzel-temime-decouverte-du-cadavre-dun-nouveau-ne-jete-dans-un-sac-en-plastique\/"},"modified":"2022-07-15T16:25:44","modified_gmt":"2022-07-15T20:25:44","slug":"tunisie-menzel-temime-decouverte-du-cadavre-dun-nouveau-ne-jete-dans-un-sac-en-plastique","status":"publish","type":"post","link":"https:\/\/linitiative.ca\/International\/tunisie-menzel-temime-decouverte-du-cadavre-dun-nouveau-ne-jete-dans-un-sac-en-plastique\/","title":{"rendered":"Tunisie \u2013 Menzel Temime\u00a0: D\u00e9couverte du cadavre d\u2019un nouveau-n\u00e9 jet\u00e9 dans un sac en plastique"},"content":{"rendered":"<div>\n<p>Les agents du district de la garde nationale de Menzel Temime, ont r\u00e9ussi \u00e0 identifier et arr\u00eater une jeune femme coupable d\u2019avoir jet\u00e9 le cadavre de son nouveau-n\u00e9. L\u2019enqu\u00eate a d\u00e9but\u00e9 apr\u00e8s la d\u00e9couverte du cadavre d\u2019un nouveau-n\u00e9, jet\u00e9 dans un sac en plastique, dans une r\u00e9gion proche de Menzel Temime. Les suspicions se sont [\u2026]<\/p>\n<p>L\u2019article <a href=\"https:\/\/www.tunisienumerique.com\/tunisie-menzel-temime-decouverte-du-cadavre-dun-nouveau-ne-jete-dans-un-sac-en-plastique\/\">Tunisie \u2013 Menzel Temime\u00a0: D\u00e9couverte du cadavre d\u2019un nouveau-n\u00e9 jet\u00e9 dans un sac en plastique<\/a> est apparu en premier sur <a href=\"https:\/\/www.tunisienumerique.com\/\">Tunisie<\/a>.<\/p>\n<\/div>\n<p>Auteur: LM<br \/>\n<a href=\"https:\/\/www.tunisienumerique.com\/tunisie-menzel-temime-decouverte-du-cadavre-dun-nouveau-ne-jete-dans-un-sac-en-plastique\/\">Cliquez ici pour lire l&rsquo;article depuis sa source.<\/a><\/p>\n","protected":false},"excerpt":{"rendered":"<p>Les agents du district de la garde nationale de Menzel Temime, ont r\u00e9ussi \u00e0 identifier et arr\u00eater une jeune femme coupable d\u2019avoir jet\u00e9 le cadavre de son nouveau-n\u00e9. L\u2019enqu\u00eate a d\u00e9but\u00e9 apr\u00e8s la d\u00e9couverte du cadavre d\u2019un nouveau-n\u00e9, jet\u00e9 dans un sac en plastique, dans une r\u00e9gion proche de Menzel Temime. Les suspicions se sont [&hellip;]<\/p>\n","protected":false},"author":1789,"featured_media":0,"comment_status":"closed","ping_status":"closed","sticky":false,"template":"","format":"standard","meta":{"fifu_image_url":"","fifu_image_alt":"","footnotes":""},"categories":[73,55],"tags":[],"class_list":["post-152609","post","type-post","status-publish","format-standard","hentry","category-actualite","category-tunisie"],"_links":{"self":[{"href":"https:\/\/linitiative.ca\/International\/wp-json\/wp\/v2\/posts\/152609","targetHints":{"allow":["GET"]}}],"collection":[{"href":"https:\/\/linitiative.ca\/International\/wp-json\/wp\/v2\/posts"}],"about":[{"href":"https:\/\/linitiative.ca\/International\/wp-json\/wp\/v2\/types\/post"}],"author":[{"embeddable":true,"href":"https:\/\/linitiative.ca\/International\/wp-json\/wp\/v2\/users\/1789"}],"replies":[{"embeddable":true,"href":"https:\/\/linitiative.ca\/International\/wp-json\/wp\/v2\/comments?post=152609"}],"version-history":[{"count":0,"href":"https:\/\/linitiative.ca\/International\/wp-json\/wp\/v2\/posts\/152609\/revisions"}],"wp:attachment":[{"href":"https:\/\/linitiative.ca\/International\/wp-json\/wp\/v2\/media?parent=152609"}],"wp:term":[{"taxonomy":"category","embeddable":true,"href":"https:\/\/linitiative.ca\/International\/wp-json\/wp\/v2\/categories?post=152609"},{"taxonomy":"post_tag","embeddable":true,"href":"https:\/\/linitiative.ca\/International\/wp-json\/wp\/v2\/tags?post=152609"}],"curies":[{"name":"wp","href":"https:\/\/api.w.org\/{rel}","templated":true}]}}