{"id":152612,"date":"2022-07-15T07:06:06","date_gmt":"2022-07-15T11:06:06","guid":{"rendered":"https:\/\/linitiative.ca\/International\/ministere-en-charge-de-la-justice-la-faculte-de-repudier-la-nationalite-burkinabe-est-donc-un-droit-reconnu-par-la-loi\/"},"modified":"2022-07-15T07:06:06","modified_gmt":"2022-07-15T11:06:06","slug":"ministere-en-charge-de-la-justice-la-faculte-de-repudier-la-nationalite-burkinabe-est-donc-un-droit-reconnu-par-la-loi","status":"publish","type":"post","link":"https:\/\/linitiative.ca\/International\/ministere-en-charge-de-la-justice-la-faculte-de-repudier-la-nationalite-burkinabe-est-donc-un-droit-reconnu-par-la-loi\/","title":{"rendered":"Minist\u00e8re en charge de la Justice\u00a0: La facult\u00e9 de r\u00e9pudier la nationalit\u00e9 burkinab\u00e8 est donc un droit reconnu par la loi"},"content":{"rendered":"<div>\n<p>Le Conseil des ministres en sa s\u00e9ance du 13 juillet 2022 a adopt\u00e9 un d\u00e9cret portant autorisation de r\u00e9pudiation de la nationalit\u00e9 burkinab\u00e8. Le compte rendu y relatif a suscit\u00e9 des interrogations dans l\u2019opinion publique.<\/p>\n<p>Le Minist\u00e8re de la Justice et des Droits humains, charg\u00e9 des relations avec les institutions tient \u00e0 rassurer l\u2019opinion publique nationale que la prise de ce d\u00e9cret autorisant la r\u00e9pudiation de la nationalit\u00e9 burkinab\u00e8 par vingt-sept (27) de nos compatriotes est pr\u00e9vue par le Code des Personnes et de la Famille en vigueur depuis le 4 ao\u00fbt 1990. Les dispositions de ce code (articles 140, 144, 186 et 188) pr\u00e9voient que l\u2019autorisation soit accord\u00e9e par d\u00e9cret.<\/p>\n<p>La facult\u00e9 de r\u00e9pudier la nationalit\u00e9 burkinab\u00e8 est donc un droit reconnu par la loi dans notre pays en l\u2019occurrence le Code des Personnes et de la Famille et est conforme aux engagements internationaux souscrits par le Burkina Faso notamment la Convention des Nations Unies sur la r\u00e9duction des cas d\u2019apatridie de 1961, ratifi\u00e9 par le Burkina Faso le 3 ao\u00fbt 2017.<\/p>\n<p>Certains pays qui n\u2019admettent pas la double nationalit\u00e9 exigent la r\u00e9pudiation de la nationalit\u00e9 d\u2019origine avant l\u2019obtention de leur nationalit\u00e9. Nos compatriotes r\u00e9sidents notamment en Allemagne, en Autriche ou en Slov\u00e9nie ont souvent demand\u00e9 et obtenu la r\u00e9pudiation de la nationalit\u00e9 burkinab\u00e8 pour embrasser celle du pays d\u2019adoption dans lequel ils sont \u00e9panouis tout en conservant de fortes relations historiques avec leur pays d\u2019origine.<\/p>\n<p>Au cours des ann\u00e9es pass\u00e9es, des d\u00e9crets sur la r\u00e9pudiation de la nationalit\u00e9 ont d\u00e9j\u00e0 \u00e9t\u00e9 pris. On peut retenir \u00e0 titre illustratif qu\u2019en 2021, deux d\u00e9crets portant autorisation de r\u00e9pudiation ont \u00e9t\u00e9 pris par le gouvernement concernant quatorze (14) et quatre-vingt-dix-huit (98) Burkinab\u00e8. En 2019, deux d\u00e9crets portant autorisation de r\u00e9pudiation ont \u00e9t\u00e9 pris par le gouvernement et concernaient quarante-six (46) et douze (12) Burkinab\u00e8.<\/p>\n<p>Des Burkinab\u00e8 ont pu ainsi s\u2019installer dans le pays de leur nationalit\u00e9 d\u2019adoption et ont su apporter des contributions importantes au d\u00e9veloppement de leur pays d\u2019origine. Ils sont rest\u00e9s fid\u00e8les \u00e0 l\u2019amour de leur patrie de naissance, le Burkina Faso.<\/p>\n<p>Le Minist\u00e8re de la Justice et des Droits humains, charg\u00e9 des relations avec les institutions reste disponible pour apporter tous \u00e9l\u00e9ments d\u2019information en lien avec le sujet de la r\u00e9pudiation et bien d\u2019autres questions de droit des personnes dont il a la charge.<\/p>\n<\/div>\n<p>Auteur: Wamini SIDWAYA<br \/>\n<a href=\"https:\/\/www.sidwaya.info\/blog\/2022\/07\/15\/ministere-en-charge-de-la-justice-la-faculte-de-repudier-la-nationalite-burkinabe-est-donc-un-droit-reconnu-par-la-loi\/\">Cliquez ici pour lire l&rsquo;article depuis sa source.<\/a><\/p>\n","protected":false},"excerpt":{"rendered":"<p>Le Conseil des ministres en sa s\u00e9ance du 13 juillet 2022 a adopt\u00e9 un d\u00e9cret portant autorisation de r\u00e9pudiation de la nationalit\u00e9 burkinab\u00e8. Le compte rendu y relatif a suscit\u00e9 des interrogations dans l\u2019opinion publique. Le Minist\u00e8re de la Justice et des Droits humains, charg\u00e9 des relations avec les institutions tient \u00e0 rassurer l\u2019opinion publique [&hellip;]<\/p>\n","protected":false},"author":1816,"featured_media":0,"comment_status":"closed","ping_status":"closed","sticky":false,"template":"","format":"standard","meta":{"fifu_image_url":"","fifu_image_alt":"","footnotes":""},"categories":[73,81],"tags":[],"class_list":["post-152612","post","type-post","status-publish","format-standard","hentry","category-actualite","category-burkina-faso"],"_links":{"self":[{"href":"https:\/\/linitiative.ca\/International\/wp-json\/wp\/v2\/posts\/152612","targetHints":{"allow":["GET"]}}],"collection":[{"href":"https:\/\/linitiative.ca\/International\/wp-json\/wp\/v2\/posts"}],"about":[{"href":"https:\/\/linitiative.ca\/International\/wp-json\/wp\/v2\/types\/post"}],"author":[{"embeddable":true,"href":"https:\/\/linitiative.ca\/International\/wp-json\/wp\/v2\/users\/1816"}],"replies":[{"embeddable":true,"href":"https:\/\/linitiative.ca\/International\/wp-json\/wp\/v2\/comments?post=152612"}],"version-history":[{"count":0,"href":"https:\/\/linitiative.ca\/International\/wp-json\/wp\/v2\/posts\/152612\/revisions"}],"wp:attachment":[{"href":"https:\/\/linitiative.ca\/International\/wp-json\/wp\/v2\/media?parent=152612"}],"wp:term":[{"taxonomy":"category","embeddable":true,"href":"https:\/\/linitiative.ca\/International\/wp-json\/wp\/v2\/categories?post=152612"},{"taxonomy":"post_tag","embeddable":true,"href":"https:\/\/linitiative.ca\/International\/wp-json\/wp\/v2\/tags?post=152612"}],"curies":[{"name":"wp","href":"https:\/\/api.w.org\/{rel}","templated":true}]}}