{"id":152613,"date":"2022-07-15T13:14:44","date_gmt":"2022-07-15T17:14:44","guid":{"rendered":"https:\/\/linitiative.ca\/International\/twellium-industrie-burkina-faso-mouvement-dhumeur-des-travailleurs-contre-des-traitements-racistes-et-abusifs\/"},"modified":"2022-07-15T13:14:44","modified_gmt":"2022-07-15T17:14:44","slug":"twellium-industrie-burkina-faso-mouvement-dhumeur-des-travailleurs-contre-des-traitements-racistes-et-abusifs","status":"publish","type":"post","link":"https:\/\/linitiative.ca\/International\/twellium-industrie-burkina-faso-mouvement-dhumeur-des-travailleurs-contre-des-traitements-racistes-et-abusifs\/","title":{"rendered":"Twellium industrie Burkina Faso : Mouvement d\u2019humeur des travailleurs contre des \u00ab\u00a0traitements racistes et abusifs\u00a0\u00bb"},"content":{"rendered":"<div>\n<p><strong>Les travailleurs de l\u2019usine de fabrication de boissons, Twellium industrie Burkina Faso, bas\u00e9e \u00e0 Bobo-Dioulasso, observent un arr\u00eat de travail depuis ce vendredi 15 juillet 2022, pour r\u00e9clamer de meilleures conditions de vie et de travail.<\/strong><\/p>\n<p>Obtenir l\u2019attention de leur employeur afin d\u2019am\u00e9liorer leurs conditions de travail et de vie. C\u2019est l\u2019objectif d\u2019un arr\u00eat de travail observ\u00e9 par les travailleurs de Twellium industrie Burkina Faso depuis 00 heure ce vendredi 15 juillet 2022.<\/p>\n<p>Cantonn\u00e9s dans la cour de l\u2019usine, ils ne comptent pas reprendre le travail s\u2019ils n\u2019ont pas gain de cause. Ils revendiquent entre autres, un meilleur traitement de la part des premiers responsables de l\u2019entreprise. \u00ab <em>M\u00eame si nous allons partir \u00e0 la maison, c\u2019est mieux que ces traitements racistes, ces licenciements abusifs et le manque de respect <\/em>\u00bb, a laiss\u00e9 entendre le d\u00e9l\u00e9gu\u00e9 du personnel, Mahamadou Dao, visiblement remont\u00e9. Pour lui, il faut que les responsables de l\u2019usine assument leurs responsabilit\u00e9s afin de satisfaire les revendications du personnel.<\/p>\n<p>A en croire les manifestants, les conditions d\u00e9plorables de travail ont assez dur\u00e9. Selon Mahamadou Dao et ses camarades, depuis 2017, les travailleurs ont adress\u00e9 des demandes afin de rencontrer l\u2019employeur mais leur effort a \u00e9t\u00e9 vain.<\/p>\n<p>\u00ab\u00a0Si nous en sommes arriv\u00e9s l\u00e0 aujourd\u2019hui, c\u2019est parce que nous ne sommes pas \u00e9cout\u00e9s\u00a0\u00bb, a indiqu\u00e9 le d\u00e9l\u00e9gu\u00e9 des travailleurs. Il a ajout\u00e9 que le personnel de Twellium a pris son destin en main. \u00ab\u00a0M\u00eame si on va mourir, on est pr\u00eat, car il faut qu\u2019une personne meurt pour que les autres puissent mieux\u00a0vivre \u00bb.<\/p>\n<figure id=\"attachment_52363\" aria-describedby=\"caption-attachment-52363\" style=\"width: 696px\" class=\"wp-caption alignnone\"><img loading=\"lazy\" decoding=\"async\" data-attachment-id=\"52363\" data-permalink=\"https:\/\/www.sidwaya.info\/blog\/2022\/07\/15\/twellium-industrie-burkina-faso-mouvement-dhumeur-des-travailleurs-contre-des-traitements-racistes-et-abusifs\/whatsapp-image-2022-07-15-at-17-06-39\/\" data-orig-file=\"https:\/\/i0.wp.com\/www.sidwaya.info\/wp-content\/uploads\/2022\/07\/WhatsApp-Image-2022-07-15-at-17.06.39-e1657905206811.jpeg?fit=600%2C606&amp;ssl=1\" data-orig-size=\"600,606\" data-comments-opened=\"1\" data-image-meta='{\"aperture\":\"0\",\"credit\":\"\",\"camera\":\"\",\"caption\":\"\",\"created_timestamp\":\"0\",\"copyright\":\"\",\"focal_length\":\"0\",\"iso\":\"0\",\"shutter_speed\":\"0\",\"title\":\"\",\"orientation\":\"0\"}' data-image-title=\"\" data-image-description=\"\" data-image-caption=\"&lt;p&gt;Le d\u00e9l\u00e9gu\u00e9 du personnel, Mahamadou Dao : \u00ab Nous allons nous battre, m\u00eame s&amp;rsquo;ils nous chassent, d&amp;rsquo;autres vont profiter de notre lutte \u00bb. \u00a9 : Noufou N\u00e9bi\u00e9 pour Sidwaya.info. \u00c9ditions Sidwaya&lt;\/p&gt;\n\" data-medium-file=\"https:\/\/i0.wp.com\/www.sidwaya.info\/wp-content\/uploads\/2022\/07\/WhatsApp-Image-2022-07-15-at-17.06.39-e1657905206811.jpeg?fit=297%2C300&amp;ssl=1\" data-large-file=\"https:\/\/i0.wp.com\/www.sidwaya.info\/wp-content\/uploads\/2022\/07\/WhatsApp-Image-2022-07-15-at-17.06.39-e1657905206811.jpeg?fit=696%2C928&amp;ssl=1\" class=\"size-large wp-image-52363\" src=\"https:\/\/i0.wp.com\/www.sidwaya.info\/wp-content\/uploads\/2022\/07\/WhatsApp-Image-2022-07-15-at-17.06.39.jpeg?resize=696,928&amp;ssl=1\" alt=\"\" width=\"696\" height=\"928\" data-recalc-dims=\"1\"><figcaption id=\"caption-attachment-52363\" class=\"wp-caption-text\"><strong>Le d\u00e9l\u00e9gu\u00e9 du personnel, Mahamadou Dao : \u00ab Nous allons nous battre, m\u00eame s\u2019ils nous chassent, d\u2019autres vont profiter de notre lutte \u00bb. \u00a9 : Noufou N\u00e9bi\u00e9 pour Sidwaya.info. \u00c9ditions Sidwaya<\/strong><\/figcaption><\/figure>\n<p>D\u2019apr\u00e8s lui, depuis le d\u00e9but du mouvement d\u2019humeur, certains travailleurs ont subi des violences dans le but de les intimider. \u00ab\u00a0<em>Nous allons nous battre, m\u00eame s\u2019ils nous chassent, d\u2019autres vont venir profiter de notre lutte<\/em>\u00a0\u00bb, a-t-il dit. Les manifestants sont pr\u00eats \u00e0 reprendre le travail si leurs dol\u00e9ances sont prises en compte ou si les responsables viennent \u00e0 la table des n\u00e9gociations.<\/p>\n<p>Au moment o\u00f9 nous quittions les lieux, c\u2019\u00e9tait toujours le statuquo et nos tentatives de rencontrer les responsables de l\u2019usine ont \u00e9t\u00e9 vaines. Ces derniers ont promis de contacter la presse \u00ab\u00a0<em>au moment opportun<\/em>\u00a0\u00bb.<\/p>\n<p>Twellium industrie Burkina Faso est sp\u00e9cialis\u00e9 dans la fabrication et la distribution des boissons gazeuses (PLANET) et \u00e9nergisantes en plus de l\u2019eau Vimma. Elle est bas\u00e9e \u00e0 Bobo-Dioulasso et est situ\u00e9e sur la route de Orodara.<\/p>\n<p><strong>Noufou NEBIE<\/strong><\/p>\n<p><strong>Sosth\u00e8ne SOMBIE<\/strong><\/p>\n<p><strong>(Stagiaire)<\/strong><\/p>\n<\/div>\n<p>Auteur: Wamini SIDWAYA<br \/>\n<a href=\"https:\/\/www.sidwaya.info\/blog\/2022\/07\/15\/twellium-industrie-burkina-faso-mouvement-dhumeur-des-travailleurs-contre-des-traitements-racistes-et-abusifs\/\">Cliquez ici pour lire l&rsquo;article depuis sa source.<\/a><\/p>\n","protected":false},"excerpt":{"rendered":"<p>Les travailleurs de l\u2019usine de fabrication de boissons, Twellium industrie Burkina Faso, bas\u00e9e \u00e0 Bobo-Dioulasso, observent un arr\u00eat de travail depuis ce vendredi 15 juillet 2022, pour r\u00e9clamer de meilleures conditions de vie et de travail. Obtenir l\u2019attention de leur employeur afin d\u2019am\u00e9liorer leurs conditions de travail et de vie. C\u2019est l\u2019objectif d\u2019un arr\u00eat de [&hellip;]<\/p>\n","protected":false},"author":1816,"featured_media":0,"comment_status":"closed","ping_status":"closed","sticky":false,"template":"","format":"standard","meta":{"fifu_image_url":"https:\/\/i0.wp.com\/www.sidwaya.info\/wp-content\/uploads\/2022\/07\/WhatsApp-Image-2022-07-15-at-17.06.39.jpeg?resize=696,928&ssl=1","fifu_image_alt":"Twellium industrie Burkina Faso : Mouvement d\u2019humeur des travailleurs contre des \u00ab\u00a0traitements racistes et abusifs\u00a0\u00bb","footnotes":""},"categories":[73,81],"tags":[],"class_list":["post-152613","post","type-post","status-publish","format-standard","hentry","category-actualite","category-burkina-faso"],"_links":{"self":[{"href":"https:\/\/linitiative.ca\/International\/wp-json\/wp\/v2\/posts\/152613","targetHints":{"allow":["GET"]}}],"collection":[{"href":"https:\/\/linitiative.ca\/International\/wp-json\/wp\/v2\/posts"}],"about":[{"href":"https:\/\/linitiative.ca\/International\/wp-json\/wp\/v2\/types\/post"}],"author":[{"embeddable":true,"href":"https:\/\/linitiative.ca\/International\/wp-json\/wp\/v2\/users\/1816"}],"replies":[{"embeddable":true,"href":"https:\/\/linitiative.ca\/International\/wp-json\/wp\/v2\/comments?post=152613"}],"version-history":[{"count":0,"href":"https:\/\/linitiative.ca\/International\/wp-json\/wp\/v2\/posts\/152613\/revisions"}],"wp:attachment":[{"href":"https:\/\/linitiative.ca\/International\/wp-json\/wp\/v2\/media?parent=152613"}],"wp:term":[{"taxonomy":"category","embeddable":true,"href":"https:\/\/linitiative.ca\/International\/wp-json\/wp\/v2\/categories?post=152613"},{"taxonomy":"post_tag","embeddable":true,"href":"https:\/\/linitiative.ca\/International\/wp-json\/wp\/v2\/tags?post=152613"}],"curies":[{"name":"wp","href":"https:\/\/api.w.org\/{rel}","templated":true}]}}