{"id":152630,"date":"2022-07-15T11:53:57","date_gmt":"2022-07-15T15:53:57","guid":{"rendered":"https:\/\/linitiative.ca\/International\/cameroun-crise-anglophone-le-leader-separatiste-field-marshall-tue-le-corps-presente-au-public\/"},"modified":"2022-07-15T11:53:57","modified_gmt":"2022-07-15T15:53:57","slug":"cameroun-crise-anglophone-le-leader-separatiste-field-marshall-tue-le-corps-presente-au-public","status":"publish","type":"post","link":"https:\/\/linitiative.ca\/International\/cameroun-crise-anglophone-le-leader-separatiste-field-marshall-tue-le-corps-presente-au-public\/","title":{"rendered":"Cameroun-crise anglophone : le leader s\u00e9paratiste Field Marshall tu\u00e9, le corps pr\u00e9sent\u00e9 au public"},"content":{"rendered":"<div>\n<p><img decoding=\"async\" width=\"602\" height=\"418\" src=\"https:\/\/linitiative.ca\/International\/wp-content\/uploads\/sites\/23\/2022\/07\/Depouille-de-Field-Marshall.jpg\" class=\"attachment-post-thumbnail size-post-thumbnail wp-post-image\" alt=\"Le corps de Field Marshall aurait \u00e9t\u00e9 expos\u00e9 \u00e0 Kumba\" loading=\"lazy\" srcset=\"https:\/\/linitiative.ca\/International\/wp-content\/uploads\/sites\/23\/2022\/07\/Depouille-de-Field-Marshall.jpg 602w, https:\/\/www.journalducameroun.com\/wp-content\/uploads\/2022\/07\/Depouille-de-Field-Marshall-300x208.jpg 300w, https:\/\/www.journalducameroun.com\/wp-content\/uploads\/2022\/07\/Depouille-de-Field-Marshall-600x417.jpg 600w\" sizes=\"auto, (max-width: 602px) 100vw, 602px\"><\/p>\n<h2 style=\"text-align: justify;\">Le corps sans vie du commandant de la milice s\u00e9paratiste \u00ab Red dragons \u00bb aurait \u00e9t\u00e9 pr\u00e9sent\u00e9 au public \u00e0 Kumba ce 15 juillet 2022.<\/h2>\n<h2 style=\"text-align: justify;\"><\/h2>\n<p style=\"text-align: justify;\">La nouvelle de la mort du leader du groupe s\u00e9paratiste \u00ab\u00a0Red Dragons\u00a0\u00bb s\u2019est empar\u00e9e de l\u2019environnement m\u00e9diatique et des r\u00e9seaux sociaux depuis deux jours. Mais aucune source officielle n\u2019est intervenue \u00e0 ce sujet. De part et d\u2019autre des parties qui s\u2019affrontent dans le Nord-Ouest et le Sud-Ouest, personne n\u2019a pris la parole pour confirmer ou infirmer la nouvelle. Rien n\u2019\u00e9tait s\u00fbr jusqu\u2019\u00e0 ce jour. Surtout que c\u2019est au moins pour la quatri\u00e8me fois que ce d\u00e9serteur de l\u2019arm\u00e9e est annonc\u00e9 mort en vain.<\/p>\n<p style=\"text-align: justify;\">Or ce vendredi 15 juillet 2022, plusieurs sources m\u00e9diatiques publient les images d\u2019un corps attribu\u00e9 \u00e0 Field Marshall. A en croire les confr\u00e8res, ce dernier est expos\u00e9 \u00e0 un carrefour dans la ville de Kumba, chef-lieu du d\u00e9partement de la Meme, r\u00e9gion du Sud-Ouest. Sur les images qui circulent, le corps d\u2019un combattant appara\u00eet. Il est entour\u00e9 par une foule dans laquelle il est possible de distinguer des personnes arborant la tenue militaire. Plusieurs spectateurs, smartphone \u00e0 la main, essaye de capturer une image de la d\u00e9pouille.<\/p>\n<p style=\"text-align: justify;\">C\u2019est depuis deux jours que l\u2019annonce de la mort de cet ancien soldat a \u00e9t\u00e9 faite. Sur les images qui circulent, le corps de l\u2019homme est couvert de gris-gris. Il est entour\u00e9 de r\u00e9cepteurs radio utilis\u00e9s dans la communication militaire.<\/p>\n<p style=\"text-align: justify;\">Field Marshall qui d\u00e9serte le Bataillon d\u2019intervention rapide et rejoint les milices s\u00e9paratistes en 2017 \u00e9tait r\u00e9put\u00e9 \u00eatre l\u2019un des plus dangereux leaders s\u00e9paratistes dirigeant les op\u00e9rations des s\u00e9paratistes dans le Lebialem o\u00f9 il \u00e9tait Roi. Des sources concordantes, il a b\u00e2ti sa r\u00e9putation et sa fortune sur le sang des militaires et des civils.<\/p>\n<p style=\"text-align: justify;\">Sa mort serait cons\u00e9cutive \u00e0 une op\u00e9ration de l\u2019arm\u00e9e r\u00e9guli\u00e8re conduite cette semaine dans le d\u00e9partement du Lebialem, r\u00e9gion du Sud-Ouest. Mais l\u00e0 aussi, aucune source s\u00e9curitaire n\u2019a fait une communication \u00e0 propos. Ainsi, de son vrai nom Oliver Lekeaka, Field Marshall serait mort selon la nouvelle qui se r\u00e9pand, mais personne, (ni l\u2019arm\u00e9e r\u00e9guli\u00e8re ni les s\u00e9paratistes) n\u2019a encore confirm\u00e9 son d\u00e9c\u00e8s.<\/p>\n<p>Cet article <a rel=\"nofollow\" href=\"https:\/\/www.journalducameroun.com\/cameroun-crise-anglophone-le-leader-separatiste-field-marshall-tue-le-corps-presente-au-public\/\">Cameroun-crise anglophone : le leader s\u00e9paratiste Field Marshall tu\u00e9, le corps pr\u00e9sent\u00e9 au public<\/a> est apparu en premier sur <a rel=\"nofollow\" href=\"https:\/\/www.journalducameroun.com\/\">Journal du Cameroun<\/a>.<\/p>\n<\/div>\n<p>Auteur: Arnaud MAWEL<br \/>\n<a href=\"https:\/\/www.journalducameroun.com\/cameroun-crise-anglophone-le-leader-separatiste-field-marshall-tue-le-corps-presente-au-public\/\">Cliquez ici pour lire l&rsquo;article depuis sa source.<\/a><\/p>\n","protected":false},"excerpt":{"rendered":"<p>Le corps sans vie du commandant de la milice s\u00e9paratiste \u00ab Red dragons \u00bb aurait \u00e9t\u00e9 pr\u00e9sent\u00e9 au public \u00e0 Kumba ce 15 juillet 2022. La nouvelle de la mort du leader du groupe s\u00e9paratiste \u00ab\u00a0Red Dragons\u00a0\u00bb s\u2019est empar\u00e9e de l\u2019environnement m\u00e9diatique et des r\u00e9seaux sociaux depuis deux jours. Mais aucune source officielle n\u2019est intervenue [&hellip;]<\/p>\n","protected":false},"author":1965,"featured_media":0,"comment_status":"closed","ping_status":"closed","sticky":false,"template":"","format":"standard","meta":{"fifu_image_url":"https:\/\/www.journalducameroun.com\/wp-content\/uploads\/2022\/07\/Depouille-de-Field-Marshall.jpg","fifu_image_alt":"Cameroun-crise anglophone : le leader s\u00e9paratiste Field Marshall tu\u00e9, le corps pr\u00e9sent\u00e9 au public","footnotes":""},"categories":[73,82],"tags":[],"class_list":["post-152630","post","type-post","status-publish","format-standard","hentry","category-actualite","category-cameroun"],"_links":{"self":[{"href":"https:\/\/linitiative.ca\/International\/wp-json\/wp\/v2\/posts\/152630","targetHints":{"allow":["GET"]}}],"collection":[{"href":"https:\/\/linitiative.ca\/International\/wp-json\/wp\/v2\/posts"}],"about":[{"href":"https:\/\/linitiative.ca\/International\/wp-json\/wp\/v2\/types\/post"}],"author":[{"embeddable":true,"href":"https:\/\/linitiative.ca\/International\/wp-json\/wp\/v2\/users\/1965"}],"replies":[{"embeddable":true,"href":"https:\/\/linitiative.ca\/International\/wp-json\/wp\/v2\/comments?post=152630"}],"version-history":[{"count":0,"href":"https:\/\/linitiative.ca\/International\/wp-json\/wp\/v2\/posts\/152630\/revisions"}],"wp:attachment":[{"href":"https:\/\/linitiative.ca\/International\/wp-json\/wp\/v2\/media?parent=152630"}],"wp:term":[{"taxonomy":"category","embeddable":true,"href":"https:\/\/linitiative.ca\/International\/wp-json\/wp\/v2\/categories?post=152630"},{"taxonomy":"post_tag","embeddable":true,"href":"https:\/\/linitiative.ca\/International\/wp-json\/wp\/v2\/tags?post=152630"}],"curies":[{"name":"wp","href":"https:\/\/api.w.org\/{rel}","templated":true}]}}