{"id":152632,"date":"2022-07-15T12:18:36","date_gmt":"2022-07-15T16:18:36","guid":{"rendered":"https:\/\/linitiative.ca\/International\/un-forum-africain-de-lindustrie-de-la-moto-au-rwanda\/"},"modified":"2022-07-15T12:18:36","modified_gmt":"2022-07-15T16:18:36","slug":"un-forum-africain-de-lindustrie-de-la-moto-au-rwanda","status":"publish","type":"post","link":"https:\/\/linitiative.ca\/International\/un-forum-africain-de-lindustrie-de-la-moto-au-rwanda\/","title":{"rendered":"Un forum africain de l\u2019industrie de la moto au Rwanda"},"content":{"rendered":"<div>\n<p>La croissance d\u00e9mographique booste le march\u00e9 des deux-roues en Afrique.Un forum visant \u00e0 favoriser la coop\u00e9ration entre les industries de la moto en Afrique se tient \u00e0 Kigali, la capitale rwandaise. Au cours de la rencontre, les participants vont plancher sur le r\u00f4le dominant jou\u00e9 par les motos commerciales dans le transport public sur le continent africain.<\/p>\n<p>Le forum, qui a d\u00e9but\u00e9 jeudi, rassemble des concessionnaires, des distributeurs, des investisseurs et des parties prenantes de l\u2019industrie des motocyclettes.<\/p>\n<p>Une \u00e9tude publi\u00e9e en 2017 estime que le march\u00e9 des deux-roues en Afrique franchira la barre des neuf milliards de dollars en 2022 \u00ab en raison de la croissance d\u00e9mographique, de l\u2019urbanisation croissante et de l\u2019absence de syst\u00e8mes de transport public fiables \u00bb dans de nombreuses villes africaines.<\/p>\n<p>Les plus grands march\u00e9s, selon l\u2019\u00e9tude, sont l\u2019Afrique du Sud, le Nigeria et la Tanzanie, suivis du Kenya, de l\u2019Alg\u00e9rie, de l\u2019Ouganda, de l\u2019\u00c9gypte, du Maroc, de l\u2019Angola et de l\u2019\u00c9thiopie.<\/p>\n<p>Dans le cadre d\u2019une ambitieuse initiative nationale visant \u00e0 r\u00e9duire les \u00e9missions de dioxyde de carbone de 16% d\u2019ici \u00e0 2030, le Rwanda a lanc\u00e9 l\u2019ann\u00e9e derni\u00e8re un projet de motos \u00e9lectriques. Ce projet vise \u00e0 aider le pays \u00e0 atteindre son objectif de devenir une \u00e9conomie neutre en carbone d\u2019ici \u00e0 2050, mais aussi \u00e0 acc\u00e9l\u00e9rer la transition des moteurs \u00e0 essence.<\/p>\n<p>Cet article <a rel=\"nofollow\" href=\"https:\/\/www.journalducameroun.com\/un-forum-africain-de-lindustrie-de-la-moto-au-rwanda\/\">Un forum africain de l\u2019industrie de la moto au Rwanda<\/a> est apparu en premier sur <a rel=\"nofollow\" href=\"https:\/\/www.journalducameroun.com\/\">Journal du Cameroun<\/a>.<\/p>\n<\/div>\n<p>Auteur: APA News<br \/>\n<a href=\"https:\/\/www.journalducameroun.com\/un-forum-africain-de-lindustrie-de-la-moto-au-rwanda\/\">Cliquez ici pour lire l&rsquo;article depuis sa source.<\/a><\/p>\n","protected":false},"excerpt":{"rendered":"<p>La croissance d\u00e9mographique booste le march\u00e9 des deux-roues en Afrique.Un forum visant \u00e0 favoriser la coop\u00e9ration entre les industries de la moto en Afrique se tient \u00e0 Kigali, la capitale rwandaise. Au cours de la rencontre, les participants vont plancher sur le r\u00f4le dominant jou\u00e9 par les motos commerciales dans le transport public sur le [&hellip;]<\/p>\n","protected":false},"author":1965,"featured_media":0,"comment_status":"closed","ping_status":"closed","sticky":false,"template":"","format":"standard","meta":{"fifu_image_url":"","fifu_image_alt":"","footnotes":""},"categories":[73,82],"tags":[],"class_list":["post-152632","post","type-post","status-publish","format-standard","hentry","category-actualite","category-cameroun"],"_links":{"self":[{"href":"https:\/\/linitiative.ca\/International\/wp-json\/wp\/v2\/posts\/152632","targetHints":{"allow":["GET"]}}],"collection":[{"href":"https:\/\/linitiative.ca\/International\/wp-json\/wp\/v2\/posts"}],"about":[{"href":"https:\/\/linitiative.ca\/International\/wp-json\/wp\/v2\/types\/post"}],"author":[{"embeddable":true,"href":"https:\/\/linitiative.ca\/International\/wp-json\/wp\/v2\/users\/1965"}],"replies":[{"embeddable":true,"href":"https:\/\/linitiative.ca\/International\/wp-json\/wp\/v2\/comments?post=152632"}],"version-history":[{"count":0,"href":"https:\/\/linitiative.ca\/International\/wp-json\/wp\/v2\/posts\/152632\/revisions"}],"wp:attachment":[{"href":"https:\/\/linitiative.ca\/International\/wp-json\/wp\/v2\/media?parent=152632"}],"wp:term":[{"taxonomy":"category","embeddable":true,"href":"https:\/\/linitiative.ca\/International\/wp-json\/wp\/v2\/categories?post=152632"},{"taxonomy":"post_tag","embeddable":true,"href":"https:\/\/linitiative.ca\/International\/wp-json\/wp\/v2\/tags?post=152632"}],"curies":[{"name":"wp","href":"https:\/\/api.w.org\/{rel}","templated":true}]}}