{"id":152633,"date":"2022-07-15T12:18:37","date_gmt":"2022-07-15T16:18:37","guid":{"rendered":"https:\/\/linitiative.ca\/International\/securite-alimentaire-appui-financier-de-la-bad-a-la-centrafrique\/"},"modified":"2022-07-15T12:18:37","modified_gmt":"2022-07-15T16:18:37","slug":"securite-alimentaire-appui-financier-de-la-bad-a-la-centrafrique","status":"publish","type":"post","link":"https:\/\/linitiative.ca\/International\/securite-alimentaire-appui-financier-de-la-bad-a-la-centrafrique\/","title":{"rendered":"S\u00e9curit\u00e9 alimentaire : appui financier de la Bad \u00e0 la Centrafrique"},"content":{"rendered":"<div>\n<p><img decoding=\"async\" width=\"299\" height=\"168\" src=\"https:\/\/linitiative.ca\/International\/wp-content\/uploads\/sites\/23\/2022\/07\/16579019179511.jpg\" class=\"attachment-post-thumbnail size-post-thumbnail wp-post-image\" alt=\"\" loading=\"lazy\" srcset=\"https:\/\/linitiative.ca\/International\/wp-content\/uploads\/sites\/23\/2022\/07\/16579019179511.jpg 299w, https:\/\/www.journalducameroun.com\/wp-content\/uploads\/2022\/07\/16579019179511-780x440.jpg 780w, https:\/\/www.journalducameroun.com\/wp-content\/uploads\/2022\/07\/16579019179511-380x215.jpg 380w, https:\/\/www.journalducameroun.com\/wp-content\/uploads\/2022\/07\/16579019179511-160x90.jpg 160w, https:\/\/www.journalducameroun.com\/wp-content\/uploads\/2022\/07\/16579019179511-240x135.jpg 240w\" sizes=\"auto, (max-width: 299px) 100vw, 299px\"><\/p>\n<p>Le don va contribuer \u00e0 augmenter la productivit\u00e9 et la production agricole en Centrafrique.Le Conseil d&rsquo;administration du Groupe de la Banque africaine de d\u00e9veloppement (Bad) a approuv\u00e9, ce 15 juillet \u00e0 Abidjan, un don de 5,39 millions de dollars am\u00e9ricains \u00e0 la R\u00e9publique centrafricaine. L&rsquo;argent aidera \u00e0 produire 32.000 tonnes suppl\u00e9mentaires de produits vivriers (riz, ma\u00efs et manioc) et renforcer la s\u00e9curit\u00e9 alimentaire de 100.000 personnes. Il aidera en outre, la Centrafrique \u00e0 mettre en \u0153uvre un programme d&rsquo;urgence alimentaire afin de faire face \u00e0 la flamb\u00e9e des prix des denr\u00e9es alimentaires amplifi\u00e9e par la guerre entre la Russie et l&rsquo;Ukraine.<\/p>\n<p>L&rsquo;Afrique et le reste du monde font face aux effets de la guerre entre la Russie et l&rsquo;Ukraine, qui a provoqu\u00e9 une flamb\u00e9e des prix des denr\u00e9es alimentaires. Les prix du bl\u00e9, du ma\u00efs, du soja ont particuli\u00e8rement connu des hausses vertigineuses faisant craindre une crise alimentaire majeure sur le continent africain, du fait de la d\u00e9pendance de nombreux pays de l&rsquo;importation de denr\u00e9es des deux pays.<\/p>\n<p>\tAfin de faire face \u00e0 cette \u00e9ventualit\u00e9, le Conseil d&rsquo;administration du Groupe de la Banque africaine de d\u00e9veloppement a mis en place le 20 mai 2022, une Facilit\u00e9 africaine de production alimentaire d&rsquo;urgence de 1,5 milliard de dollars.<\/p>\n<p>La facilit\u00e9 permet de fournir des semences agricoles \u00e0 20 millions de producteurs sur le continent. Les vari\u00e9t\u00e9s concern\u00e9es sont le bl\u00e9, le ma\u00efs, le riz et le soja. L&rsquo;objectif est de produire 38 millions de tonnes de nourriture suppl\u00e9mentaires au cours des deux prochaines ann\u00e9es, d&rsquo;une valeur de 12 milliards de dollars.<\/p>\n<p>\u00ab La guerre en Ukraine est venue aggraver les impacts li\u00e9s \u00e0 la pand\u00e9mie de Covid-19 et \u00e0 la situation politique et s\u00e9curitaire de la R\u00e9publique centrafricaine. Le don que le Conseil d&rsquo;administration du Groupe de la Banque africaine de d\u00e9veloppement a approuv\u00e9 aujourd&rsquo;hui r\u00e9pond \u00e0 des besoins pressants de nombreux m\u00e9nages vuln\u00e9rables en milieu rural \u00bb, a d\u00e9clar\u00e9 Mamady Souar\u00e9, responsable-pays du Groupe de la Banque en Centrafrique.<\/p>\n<p>Selon lui, le don permettra de mettre \u00e0 la disposition des agriculteurs des semences et des engrais pour relancer la production vivri\u00e8re et am\u00e9liorer ainsi la s\u00e9curit\u00e9 alimentaire en Centrafrique.<\/p>\n<p>Le don \u00e9mane du pilier I de la Facilit\u00e9 d&rsquo;appui \u00e0 la transition une entit\u00e9 op\u00e9rationnellement autonome du Groupe de la Banque africaine de d\u00e9veloppement. Elle dispose d&rsquo;un m\u00e9canisme de d\u00e9caissement rapide, simple et flexible con\u00e7u pour aider les pays \u00e0 consolider la paix, construire des institutions r\u00e9silientes, stabiliser leur \u00e9conomie et poser les bases d&rsquo;une croissance inclusive.<\/p>\n<p>Cet article <a rel=\"nofollow\" href=\"https:\/\/www.journalducameroun.com\/securite-alimentaire-appui-financier-de-la-bad-a-la-centrafrique\/\">S\u00e9curit\u00e9 alimentaire : appui financier de la Bad \u00e0 la Centrafrique<\/a> est apparu en premier sur <a rel=\"nofollow\" href=\"https:\/\/www.journalducameroun.com\/\">Journal du Cameroun<\/a>.<\/p>\n<\/div>\n<p>Auteur: APA News<br \/>\n<a href=\"https:\/\/www.journalducameroun.com\/securite-alimentaire-appui-financier-de-la-bad-a-la-centrafrique\/\">Cliquez ici pour lire l&rsquo;article depuis sa source.<\/a><\/p>\n","protected":false},"excerpt":{"rendered":"<p>Le don va contribuer \u00e0 augmenter la productivit\u00e9 et la production agricole en Centrafrique.Le Conseil d&rsquo;administration du Groupe de la Banque africaine de d\u00e9veloppement (Bad) a approuv\u00e9, ce 15 juillet \u00e0 Abidjan, un don de 5,39 millions de dollars am\u00e9ricains \u00e0 la R\u00e9publique centrafricaine. L&rsquo;argent aidera \u00e0 produire 32.000 tonnes suppl\u00e9mentaires de produits vivriers (riz, [&hellip;]<\/p>\n","protected":false},"author":1965,"featured_media":0,"comment_status":"closed","ping_status":"closed","sticky":false,"template":"","format":"standard","meta":{"fifu_image_url":"https:\/\/www.journalducameroun.com\/wp-content\/uploads\/2022\/07\/16579019179511.jpg","fifu_image_alt":"S\u00e9curit\u00e9 alimentaire : appui financier de la Bad \u00e0 la Centrafrique","footnotes":""},"categories":[73,82],"tags":[],"class_list":["post-152633","post","type-post","status-publish","format-standard","hentry","category-actualite","category-cameroun"],"_links":{"self":[{"href":"https:\/\/linitiative.ca\/International\/wp-json\/wp\/v2\/posts\/152633","targetHints":{"allow":["GET"]}}],"collection":[{"href":"https:\/\/linitiative.ca\/International\/wp-json\/wp\/v2\/posts"}],"about":[{"href":"https:\/\/linitiative.ca\/International\/wp-json\/wp\/v2\/types\/post"}],"author":[{"embeddable":true,"href":"https:\/\/linitiative.ca\/International\/wp-json\/wp\/v2\/users\/1965"}],"replies":[{"embeddable":true,"href":"https:\/\/linitiative.ca\/International\/wp-json\/wp\/v2\/comments?post=152633"}],"version-history":[{"count":0,"href":"https:\/\/linitiative.ca\/International\/wp-json\/wp\/v2\/posts\/152633\/revisions"}],"wp:attachment":[{"href":"https:\/\/linitiative.ca\/International\/wp-json\/wp\/v2\/media?parent=152633"}],"wp:term":[{"taxonomy":"category","embeddable":true,"href":"https:\/\/linitiative.ca\/International\/wp-json\/wp\/v2\/categories?post=152633"},{"taxonomy":"post_tag","embeddable":true,"href":"https:\/\/linitiative.ca\/International\/wp-json\/wp\/v2\/tags?post=152633"}],"curies":[{"name":"wp","href":"https:\/\/api.w.org\/{rel}","templated":true}]}}