{"id":152635,"date":"2022-07-15T09:46:17","date_gmt":"2022-07-15T13:46:17","guid":{"rendered":"https:\/\/linitiative.ca\/International\/le-gabon-recoit-pres-de-100-milliards-de-plus-pour-la-protection-de-ses-forets\/"},"modified":"2022-07-15T09:46:17","modified_gmt":"2022-07-15T13:46:17","slug":"le-gabon-recoit-pres-de-100-milliards-de-plus-pour-la-protection-de-ses-forets","status":"publish","type":"post","link":"https:\/\/linitiative.ca\/International\/le-gabon-recoit-pres-de-100-milliards-de-plus-pour-la-protection-de-ses-forets\/","title":{"rendered":"Le Gabon re\u00e7oit pr\u00e8s de 100 milliards de plus pour la protection de ses for\u00eats"},"content":{"rendered":"<div>\n<p>Les fonds serviront \u00e0 la mise en \u0153uvre du processus de certification des for\u00eats communautaires, la protection des aires prot\u00e9g\u00e9es contre l\u2019empi\u00e8tement, la mise en \u0153uvre d\u2019une campagne de verdissement et de sensibilisation en milieu urbain ainsi que la recherche et la surveillance \u00e9cologique des \u00e9cosyst\u00e8mes forestiers et le renforcement des capacit\u00e9s institutionnelles coupl\u00e9 \u00e0 la gouvernance climatique.<\/p>\n<p><strong>Lire aussi : <a href=\"https:\/\/ecomatin.net\/le-milliardaire-americain-jeff-bezos-octroie-pres-de-23-milliards-de-fcfa-au-gabon-pour-la-preservation-des-forets\/\" target=\"_blank\" rel=\"noreferrer noopener\">Le milliardaire am\u00e9ricain Jeff Bezos octroie pr\u00e8s de 23 milliards de Fcfa au Gabon pour la pr\u00e9servation des for\u00eats<\/a><\/strong><\/p>\n<p>Le protocole d\u2019accord entre le Cafi et le gouvernement gabonais a \u00e9t\u00e9 sign\u00e9 lors de la 19e r\u00e9union des parties du partenariat pour les for\u00eats du bassin du Congo (PFBC), tenue du 5 au 8 juillet 2022 \u00e0 Libreville.<\/p>\n<p><strong>Lire aussi : <a href=\"https:\/\/ecomatin.net\/hotellerie-letat-gabonais-sort-du-portefeuille-des-structures-publiques\/\" target=\"_blank\" rel=\"noreferrer noopener\">H\u00f4tellerie\u00a0: l\u2019Etat gabonais sort du portefeuille des structures publiques<\/a><\/strong><\/p>\n<p>Le d\u00e9caissement de ces fonds dont le premier versement de 17 millions de dollars (11 milliards de FCFA) a \u00e9t\u00e9 effectu\u00e9 en juin 2021, s\u2019\u00e9talera sur 10 ans.<\/p>\n<p><strong>SPM<\/strong><\/p>\n<p><strong>Lire aussi : <a href=\"https:\/\/ecomatin.net\/penurie-de-carburant-des-transporteurs-gabonais-se-plaignent-des-nouvelles-modalites-de-consommation\/\" target=\"_blank\" rel=\"noreferrer noopener\">P\u00e9nurie de carburant\u00a0: des transporteurs gabonais se plaignent des nouvelles modalit\u00e9s de consommation<\/a><\/strong><\/p>\n<p>L\u2019article <a rel=\"nofollow\" href=\"https:\/\/ecomatin.net\/le-gabon-recoit-pres-de-100-milliards-de-plus-pour-la-protection-de-ses-forets\/\">Le Gabon re\u00e7oit pr\u00e8s de 100 milliards de plus pour la protection de ses for\u00eats<\/a> est apparu en premier sur <a rel=\"nofollow\" href=\"https:\/\/ecomatin.net\/\">EcoMatin<\/a>.<\/p>\n<\/div>\n<p>Auteur: EcoMatin<br \/>\n<a href=\"https:\/\/ecomatin.net\/le-gabon-recoit-pres-de-100-milliards-de-plus-pour-la-protection-de-ses-forets\/\">Cliquez ici pour lire l&rsquo;article depuis sa source.<\/a><\/p>\n","protected":false},"excerpt":{"rendered":"<p>Les fonds serviront \u00e0 la mise en \u0153uvre du processus de certification des for\u00eats communautaires, la protection des aires prot\u00e9g\u00e9es contre l\u2019empi\u00e8tement, la mise en \u0153uvre d\u2019une campagne de verdissement et de sensibilisation en milieu urbain ainsi que la recherche et la surveillance \u00e9cologique des \u00e9cosyst\u00e8mes forestiers et le renforcement des capacit\u00e9s institutionnelles coupl\u00e9 \u00e0 [&hellip;]<\/p>\n","protected":false},"author":1969,"featured_media":0,"comment_status":"closed","ping_status":"closed","sticky":false,"template":"","format":"standard","meta":{"fifu_image_url":"","fifu_image_alt":"","footnotes":""},"categories":[82,78],"tags":[],"class_list":["post-152635","post","type-post","status-publish","format-standard","hentry","category-cameroun","category-economie"],"_links":{"self":[{"href":"https:\/\/linitiative.ca\/International\/wp-json\/wp\/v2\/posts\/152635","targetHints":{"allow":["GET"]}}],"collection":[{"href":"https:\/\/linitiative.ca\/International\/wp-json\/wp\/v2\/posts"}],"about":[{"href":"https:\/\/linitiative.ca\/International\/wp-json\/wp\/v2\/types\/post"}],"author":[{"embeddable":true,"href":"https:\/\/linitiative.ca\/International\/wp-json\/wp\/v2\/users\/1969"}],"replies":[{"embeddable":true,"href":"https:\/\/linitiative.ca\/International\/wp-json\/wp\/v2\/comments?post=152635"}],"version-history":[{"count":0,"href":"https:\/\/linitiative.ca\/International\/wp-json\/wp\/v2\/posts\/152635\/revisions"}],"wp:attachment":[{"href":"https:\/\/linitiative.ca\/International\/wp-json\/wp\/v2\/media?parent=152635"}],"wp:term":[{"taxonomy":"category","embeddable":true,"href":"https:\/\/linitiative.ca\/International\/wp-json\/wp\/v2\/categories?post=152635"},{"taxonomy":"post_tag","embeddable":true,"href":"https:\/\/linitiative.ca\/International\/wp-json\/wp\/v2\/tags?post=152635"}],"curies":[{"name":"wp","href":"https:\/\/api.w.org\/{rel}","templated":true}]}}